{"id":1609,"date":"2023-11-15T08:59:22","date_gmt":"2023-11-15T08:59:22","guid":{"rendered":"https:\/\/www.feodus-finance.fr\/defiscalisation\/?p=1609"},"modified":"2023-11-23T11:46:03","modified_gmt":"2023-11-23T11:46:03","slug":"per-et-financement-de-travaux-de-rehabilitation-sur-sa-residence-principale","status":"publish","type":"post","link":"https:\/\/www.feodus-finance.fr\/defiscalisation\/per-et-financement-de-travaux-de-rehabilitation-sur-sa-residence-principale\/","title":{"rendered":"PER et financement de travaux de r\u00e9habilitation sur sa r\u00e9sidence principale"},"content":{"rendered":"\n<p>Question de l&#8217;Assembl\u00e9e nationale, n\u00b0 2537, r\u00e9ponse publi\u00e9e le 22&nbsp;novembre 2022.<\/p>\n\n\n\n<h2 class=\"wp-block-heading\">Quelles possibilit\u00e9s?<\/h2>\n\n\n\n<p>Un d\u00e9put\u00e9 souhaite conna\u00eetre les mesures envisag\u00e9es par le Gouvernement pour permettre \u00e0 tout ou partie des produits d\u2019\u00e9pargne retraite d&#8217;\u00eatre d\u00e9bloqu\u00e9s pr\u00e9alablement \u00e0 la retraite pour financer les travaux lourds de r\u00e9habilitation de la r\u00e9sidence principale.<\/p>\n\n\n\n<p>Une r\u00e9ponse n\u00e9gative lui est apport\u00e9e&nbsp;: il n&#8217;est pas envisag\u00e9 de cr\u00e9er une nouvelle condition de sortie anticip\u00e9e pour le PER afin de financer les travaux de r\u00e9habilitation de la r\u00e9sidence principale.<\/p>\n\n\n\n<p>Le titulaire du PER devra donc anticiper le co\u00fbt des \u00e9ventuels travaux \u00e0 venir s&#8217;il d\u00e9bloque une partie de son \u00e9pargne pour l&#8217;achat de sa r\u00e9sidence principale.<\/p>\n\n\n\n<p>S&#8217;il en est d\u00e9j\u00e0 propri\u00e9taire, il ne parait pas justifi\u00e9 de pr\u00e9voir un nouveau cas de d\u00e9blocage pour ces travaux. L\u2019esprit du produit doit demeurer celui de compl\u00e9ter les revenus des Fran\u00e7ais au moment de leur retraite.<\/p>\n","protected":false},"excerpt":{"rendered":"<p>Question de l&#8217;Assembl\u00e9e nationale, n\u00b0 2537, r\u00e9ponse publi\u00e9e le 22&nbsp;novembre 2022. Quelles possibilit\u00e9s? Un d\u00e9put\u00e9 souhaite conna\u00eetre les mesures envisag\u00e9es par le Gouvernement pour permettre \u00e0 tout ou partie des produits d\u2019\u00e9pargne retraite d&#8217;\u00eatre d\u00e9bloqu\u00e9s pr\u00e9alablement \u00e0 la retraite pour financer les travaux lourds de r\u00e9habilitation de la r\u00e9sidence principale. Une r\u00e9ponse n\u00e9gative lui est &#8230; <a title=\"PER et financement de travaux de r\u00e9habilitation sur sa r\u00e9sidence principale\" class=\"read-more\" href=\"https:\/\/www.feodus-finance.fr\/defiscalisation\/per-et-financement-de-travaux-de-rehabilitation-sur-sa-residence-principale\/\" aria-label=\"En savoir plus sur PER et financement de travaux de r\u00e9habilitation sur sa r\u00e9sidence principale\">Lire plus<\/a><\/p>\n","protected":false},"author":3,"featured_media":1610,"comment_status":"open","ping_status":"open","sticky":false,"template":"","format":"standard","meta":{"footnotes":""},"categories":[1],"tags":[],"class_list":["post-1609","post","type-post","status-publish","format-standard","has-post-thumbnail","hentry","category-dossier","generate-columns","tablet-grid-50","mobile-grid-100","grid-parent","grid-33"],"yoast_head":"<!-- This site is optimized with the Yoast SEO plugin v24.6 - https:\/\/yoast.com\/wordpress\/plugins\/seo\/ -->\n<title>PER et financement de travaux de r\u00e9habilitation sur sa r\u00e9sidence principale - Feodus<\/title>\n<meta name=\"robots\" content=\"index, follow, max-snippet:-1, max-image-preview:large, max-video-preview:-1\" \/>\n<link rel=\"canonical\" href=\"https:\/\/www.feodus-finance.fr\/defiscalisation\/per-et-financement-de-travaux-de-rehabilitation-sur-sa-residence-principale\/\" \/>\n<meta property=\"og:locale\" content=\"fr_FR\" \/>\n<meta property=\"og:type\" content=\"article\" \/>\n<meta property=\"og:title\" content=\"PER et financement de travaux de r\u00e9habilitation sur sa r\u00e9sidence principale - Feodus\" \/>\n<meta property=\"og:description\" content=\"Question de l&#8217;Assembl\u00e9e nationale, n\u00b0 2537, r\u00e9ponse publi\u00e9e le 22&nbsp;novembre 2022. Quelles possibilit\u00e9s? Un d\u00e9put\u00e9 souhaite conna\u00eetre les mesures envisag\u00e9es par le Gouvernement pour permettre \u00e0 tout ou partie des produits d\u2019\u00e9pargne retraite d&#8217;\u00eatre d\u00e9bloqu\u00e9s pr\u00e9alablement \u00e0 la retraite pour financer les travaux lourds de r\u00e9habilitation de la r\u00e9sidence principale. Une r\u00e9ponse n\u00e9gative lui est ... Lire plus\" \/>\n<meta property=\"og:url\" content=\"https:\/\/www.feodus-finance.fr\/defiscalisation\/per-et-financement-de-travaux-de-rehabilitation-sur-sa-residence-principale\/\" \/>\n<meta property=\"og:site_name\" content=\"Feodus\" \/>\n<meta property=\"article:published_time\" content=\"2023-11-15T08:59:22+00:00\" \/>\n<meta property=\"article:modified_time\" content=\"2023-11-23T11:46:03+00:00\" \/>\n<meta property=\"og:image\" content=\"https:\/\/www.feodus-finance.fr\/defiscalisation\/wp-content\/uploads\/2023\/11\/23114.jpeg\" \/>\n\t<meta property=\"og:image:width\" content=\"920\" \/>\n\t<meta property=\"og:image:height\" content=\"662\" \/>\n\t<meta property=\"og:image:type\" content=\"image\/jpeg\" \/>\n<meta name=\"author\" content=\"La R\u00e9daction\" \/>\n<meta name=\"twitter:card\" content=\"summary_large_image\" \/>\n<!-- \/ Yoast SEO plugin. -->","yoast_head_json":{"title":"PER et financement de travaux de r\u00e9habilitation sur sa r\u00e9sidence principale - Feodus","robots":{"index":"index","follow":"follow","max-snippet":"max-snippet:-1","max-image-preview":"max-image-preview:large","max-video-preview":"max-video-preview:-1"},"canonical":"https:\/\/www.feodus-finance.fr\/defiscalisation\/per-et-financement-de-travaux-de-rehabilitation-sur-sa-residence-principale\/","og_locale":"fr_FR","og_type":"article","og_title":"PER et financement de travaux de r\u00e9habilitation sur sa r\u00e9sidence principale - Feodus","og_description":"Question de l&#8217;Assembl\u00e9e nationale, n\u00b0 2537, r\u00e9ponse publi\u00e9e le 22&nbsp;novembre 2022. Quelles possibilit\u00e9s? Un d\u00e9put\u00e9 souhaite conna\u00eetre les mesures envisag\u00e9es par le Gouvernement pour permettre \u00e0 tout ou partie des produits d\u2019\u00e9pargne retraite d&#8217;\u00eatre d\u00e9bloqu\u00e9s pr\u00e9alablement \u00e0 la retraite pour financer les travaux lourds de r\u00e9habilitation de la r\u00e9sidence principale. Une r\u00e9ponse n\u00e9gative lui est ... Lire plus","og_url":"https:\/\/www.feodus-finance.fr\/defiscalisation\/per-et-financement-de-travaux-de-rehabilitation-sur-sa-residence-principale\/","og_site_name":"Feodus","article_published_time":"2023-11-15T08:59:22+00:00","article_modified_time":"2023-11-23T11:46:03+00:00","og_image":[{"width":920,"height":662,"url":"https:\/\/www.feodus-finance.fr\/defiscalisation\/wp-content\/uploads\/2023\/11\/23114.jpeg","type":"image\/jpeg"}],"author":"La R\u00e9daction","twitter_card":"summary_large_image","schema":{"@context":"https:\/\/schema.org","@graph":[{"@type":"NewsArticle","@id":"https:\/\/www.feodus-finance.fr\/defiscalisation\/per-et-financement-de-travaux-de-rehabilitation-sur-sa-residence-principale\/#article","isPartOf":{"@id":"https:\/\/www.feodus-finance.fr\/defiscalisation\/per-et-financement-de-travaux-de-rehabilitation-sur-sa-residence-principale\/"},"author":{"name":"La R\u00e9daction","@id":"https:\/\/www.feodus-finance.fr\/defiscalisation\/#\/schema\/person\/5ca9be76021ba500a028eef9d2aa4c82"},"headline":"PER et financement de travaux de r\u00e9habilitation sur sa r\u00e9sidence principale","datePublished":"2023-11-15T08:59:22+00:00","dateModified":"2023-11-23T11:46:03+00:00","mainEntityOfPage":{"@id":"https:\/\/www.feodus-finance.fr\/defiscalisation\/per-et-financement-de-travaux-de-rehabilitation-sur-sa-residence-principale\/"},"wordCount":187,"commentCount":0,"publisher":{"@id":"https:\/\/www.feodus-finance.fr\/defiscalisation\/#organization"},"image":{"@id":"https:\/\/www.feodus-finance.fr\/defiscalisation\/per-et-financement-de-travaux-de-rehabilitation-sur-sa-residence-principale\/#primaryimage"},"thumbnailUrl":"https:\/\/www.feodus-finance.fr\/defiscalisation\/wp-content\/uploads\/2023\/11\/23114.jpeg","articleSection":["Guides de la fiscalit\u00e9 des particuliers"],"inLanguage":"fr-FR","potentialAction":[{"@type":"CommentAction","name":"Comment","target":["https:\/\/www.feodus-finance.fr\/defiscalisation\/per-et-financement-de-travaux-de-rehabilitation-sur-sa-residence-principale\/#respond"]}]},{"@type":"WebPage","@id":"https:\/\/www.feodus-finance.fr\/defiscalisation\/per-et-financement-de-travaux-de-rehabilitation-sur-sa-residence-principale\/","url":"https:\/\/www.feodus-finance.fr\/defiscalisation\/per-et-financement-de-travaux-de-rehabilitation-sur-sa-residence-principale\/","name":"PER et financement de travaux de r\u00e9habilitation sur sa r\u00e9sidence principale - Feodus","isPartOf":{"@id":"https:\/\/www.feodus-finance.fr\/defiscalisation\/#website"},"primaryImageOfPage":{"@id":"https:\/\/www.feodus-finance.fr\/defiscalisation\/per-et-financement-de-travaux-de-rehabilitation-sur-sa-residence-principale\/#primaryimage"},"image":{"@id":"https:\/\/www.feodus-finance.fr\/defiscalisation\/per-et-financement-de-travaux-de-rehabilitation-sur-sa-residence-principale\/#primaryimage"},"thumbnailUrl":"https:\/\/www.feodus-finance.fr\/defiscalisation\/wp-content\/uploads\/2023\/11\/23114.jpeg","datePublished":"2023-11-15T08:59:22+00:00","dateModified":"2023-11-23T11:46:03+00:00","breadcrumb":{"@id":"https:\/\/www.feodus-finance.fr\/defiscalisation\/per-et-financement-de-travaux-de-rehabilitation-sur-sa-residence-principale\/#breadcrumb"},"inLanguage":"fr-FR","potentialAction":[{"@type":"ReadAction","target":["https:\/\/www.feodus-finance.fr\/defiscalisation\/per-et-financement-de-travaux-de-rehabilitation-sur-sa-residence-principale\/"]}]},{"@type":"ImageObject","inLanguage":"fr-FR","@id":"https:\/\/www.feodus-finance.fr\/defiscalisation\/per-et-financement-de-travaux-de-rehabilitation-sur-sa-residence-principale\/#primaryimage","url":"https:\/\/www.feodus-finance.fr\/defiscalisation\/wp-content\/uploads\/2023\/11\/23114.jpeg","contentUrl":"https:\/\/www.feodus-finance.fr\/defiscalisation\/wp-content\/uploads\/2023\/11\/23114.jpeg","width":920,"height":662,"caption":"PER et financement de travaux de r\u00e9habilitation sur sa r\u00e9sidence principale"},{"@type":"BreadcrumbList","@id":"https:\/\/www.feodus-finance.fr\/defiscalisation\/per-et-financement-de-travaux-de-rehabilitation-sur-sa-residence-principale\/#breadcrumb","itemListElement":[{"@type":"ListItem","position":1,"name":"Accueil","item":"https:\/\/www.feodus-finance.fr\/defiscalisation\/"},{"@type":"ListItem","position":2,"name":"Guides de la fiscalit\u00e9 des particuliers","item":"https:\/\/www.feodus-finance.fr\/defiscalisation\/dossier\/"},{"@type":"ListItem","position":3,"name":"PER et financement de travaux de r\u00e9habilitation sur sa r\u00e9sidence principale"}]},{"@type":"WebSite","@id":"https:\/\/www.feodus-finance.fr\/defiscalisation\/#website","url":"https:\/\/www.feodus-finance.fr\/defiscalisation\/","name":"Feodus","description":"","publisher":{"@id":"https:\/\/www.feodus-finance.fr\/defiscalisation\/#organization"},"potentialAction":[{"@type":"SearchAction","target":{"@type":"EntryPoint","urlTemplate":"https:\/\/www.feodus-finance.fr\/defiscalisation\/?s={search_term_string}"},"query-input":{"@type":"PropertyValueSpecification","valueRequired":true,"valueName":"search_term_string"}}],"inLanguage":"fr-FR"},{"@type":"Organization","@id":"https:\/\/www.feodus-finance.fr\/defiscalisation\/#organization","name":"Feodus","url":"https:\/\/www.feodus-finance.fr\/defiscalisation\/","logo":{"@type":"ImageObject","inLanguage":"fr-FR","@id":"https:\/\/www.feodus-finance.fr\/defiscalisation\/#\/schema\/logo\/image\/","url":"https:\/\/www.feodus-finance.fr\/defiscalisation\/wp-content\/uploads\/2023\/11\/cropped-logo-footer.jpg","contentUrl":"https:\/\/www.feodus-finance.fr\/defiscalisation\/wp-content\/uploads\/2023\/11\/cropped-logo-footer.jpg","width":249,"height":73,"caption":"Feodus"},"image":{"@id":"https:\/\/www.feodus-finance.fr\/defiscalisation\/#\/schema\/logo\/image\/"}},{"@type":"Person","@id":"https:\/\/www.feodus-finance.fr\/defiscalisation\/#\/schema\/person\/5ca9be76021ba500a028eef9d2aa4c82","name":"La R\u00e9daction","image":{"@type":"ImageObject","inLanguage":"fr-FR","@id":"https:\/\/www.feodus-finance.fr\/defiscalisation\/#\/schema\/person\/image\/","url":"https:\/\/www.feodus-finance.fr\/defiscalisation\/wp-content\/uploads\/2023\/11\/cropped-logo-96x96.jpg","contentUrl":"https:\/\/www.feodus-finance.fr\/defiscalisation\/wp-content\/uploads\/2023\/11\/cropped-logo-96x96.jpg","caption":"La R\u00e9daction"},"description":"Notre \u00e9quipe de r\u00e9daction s'efforce constamment de partager des analyses approfondies, des conseils pratiques et des perspectives innovantes sur les march\u00e9s financiers, les investissements et les tendances \u00e9conomiques.","url":"https:\/\/www.feodus-finance.fr\/defiscalisation\/author\/redaction\/"}]}},"_links":{"self":[{"href":"https:\/\/www.feodus-finance.fr\/defiscalisation\/wp-json\/wp\/v2\/posts\/1609","targetHints":{"allow":["GET"]}}],"collection":[{"href":"https:\/\/www.feodus-finance.fr\/defiscalisation\/wp-json\/wp\/v2\/posts"}],"about":[{"href":"https:\/\/www.feodus-finance.fr\/defiscalisation\/wp-json\/wp\/v2\/types\/post"}],"author":[{"embeddable":true,"href":"https:\/\/www.feodus-finance.fr\/defiscalisation\/wp-json\/wp\/v2\/users\/3"}],"replies":[{"embeddable":true,"href":"https:\/\/www.feodus-finance.fr\/defiscalisation\/wp-json\/wp\/v2\/comments?post=1609"}],"version-history":[{"count":1,"href":"https:\/\/www.feodus-finance.fr\/defiscalisation\/wp-json\/wp\/v2\/posts\/1609\/revisions"}],"predecessor-version":[{"id":1611,"href":"https:\/\/www.feodus-finance.fr\/defiscalisation\/wp-json\/wp\/v2\/posts\/1609\/revisions\/1611"}],"wp:featuredmedia":[{"embeddable":true,"href":"https:\/\/www.feodus-finance.fr\/defiscalisation\/wp-json\/wp\/v2\/media\/1610"}],"wp:attachment":[{"href":"https:\/\/www.feodus-finance.fr\/defiscalisation\/wp-json\/wp\/v2\/media?parent=1609"}],"wp:term":[{"taxonomy":"category","embeddable":true,"href":"https:\/\/www.feodus-finance.fr\/defiscalisation\/wp-json\/wp\/v2\/categories?post=1609"},{"taxonomy":"post_tag","embeddable":true,"href":"https:\/\/www.feodus-finance.fr\/defiscalisation\/wp-json\/wp\/v2\/tags?post=1609"}],"curies":[{"name":"wp","href":"https:\/\/api.w.org\/{rel}","templated":true}]}}