{"id":1679,"date":"2023-11-18T09:44:30","date_gmt":"2023-11-18T09:44:30","guid":{"rendered":"https:\/\/www.feodus-finance.fr\/defiscalisation\/?p=1679"},"modified":"2023-11-23T11:45:00","modified_gmt":"2023-11-23T11:45:00","slug":"projet-de-reforme-des-retraites","status":"publish","type":"post","link":"https:\/\/www.feodus-finance.fr\/defiscalisation\/projet-de-reforme-des-retraites\/","title":{"rendered":"Projet de r\u00e9forme des retraites"},"content":{"rendered":"\n<p>Report de l&#8217;\u00e2ge l\u00e9gal de d\u00e9part \u00e0 la retraite \u00e0 64&nbsp;ans \u00e0 partir de 2030, 43&nbsp;ans de cotisation n\u00e9cessaires \u00e0 partir de 2027, prise en compte de la p\u00e9nibilit\u00e9, suppression des r\u00e9gimes sp\u00e9ciaux\u2026 quels sont les points principaux du projet de la r\u00e9forme des retraites pr\u00e9sent\u00e9e d\u00e9but Janvier 2023&nbsp;et qui fait couler tant d\u2019encre\u2026<\/p>\n\n\n\n<h2 class=\"wp-block-heading\">Gen\u00e8se de cette r\u00e9forme<\/h2>\n\n\n\n<p>L\u2019<strong>\u00e9quilibre d\u2019un r\u00e9gime de retraite par r\u00e9partition&nbsp;<\/strong>implique que la masse des cotisations \u00e9quilibre la masse des prestations&nbsp;: Cotisations = Prestations. Concr\u00e8tement les retraites actuelles sont financ\u00e9es par les cotisations des actifs.<\/p>\n\n\n\n<p>Ce m\u00e9canisme induit une \u00e9troite corr\u00e9lation entre les conjonctures d\u00e9mographiques et \u00e9conomiques. D\u2019un point de vue tr\u00e8s sch\u00e9matique nous avons les liens suivants&nbsp;:<\/p>\n\n\n\n<ul class=\"wp-block-list\">\n<li>Croissance \u00e9conomique &amp; Population non vieillissante = cotisations des actifs plus importantes = prestations retraites plus importantes.<\/li>\n\n\n\n<li>Ralentissement ou d\u00e9croissance \u00e9conomique &amp; Vieillissement de la population = cotisations des actifs moins importantes = prestations retraites moins importantes.<\/li>\n<\/ul>\n\n\n\n<p>Les variables d\u00e9mographiques et \u00e9conomiques sont par voie de cons\u00e9quence des donn\u00e9es tr\u00e8s surveill\u00e9es et analys\u00e9es pour anticiper toutes les incidences sur l\u2019\u00e9quilibre d\u2019un r\u00e9gime de retraite par r\u00e9partition.<\/p>\n\n\n\n<p>Le vieillissement de la population fran\u00e7aise (*) coupl\u00e9 \u00e0 une r\u00e9vision \u00e0 la baisse des projections de population active en 2022&nbsp;(Source Insee) auront un impact direct sur le rapport entre le nombre de cotisants d\u2019une part et le nombre de retrait\u00e9s d\u2019autre part.<\/p>\n\n\n\n<p><strong>Nota (*)&nbsp;: les d\u00e9s\u00e9quilibres des r\u00e9gimes par r\u00e9partition en France r\u00e9sultent plus des gains d\u2019esp\u00e9rance de vie que du recul de la f\u00e9condit\u00e9. Le taux de f\u00e9condit\u00e9 en France s\u2019av\u00e8re en effet durablement sup\u00e9rieur si on le compare \u00e0 celui de nos voisins europ\u00e9ens&nbsp;;<\/strong><\/p>\n\n\n\n<p>Pour faire face \u00e0 ces d\u00e9s\u00e9quilibres, le gouvernement a pr\u00e9sent\u00e9 le 10&nbsp;janvier dernier diff\u00e9rentes mesures visant \u00e0 refondre le syst\u00e8me de retraites que nous connaissons.<\/p>\n\n\n\n<h2 class=\"wp-block-heading\">Quels projets de r\u00e9forme&nbsp;?<\/h2>\n\n\n\n<h3 class=\"wp-block-heading\">Les mesures pour le r\u00e9gime g\u00e9n\u00e9ral<\/h3>\n\n\n\n<p>Le gouvernement entend porter l&#8217;<strong>\u00e2ge l\u00e9gal de d\u00e9part \u00e0 la retraite<\/strong>&nbsp;\u00e0 64&nbsp;ans \u00e0 partir de 2030&nbsp;(contre 62&nbsp;ans actuellement). \u00c0 compter du 1<sup>er<\/sup>&nbsp;septembre 2023, l&#8217;\u00e2ge l\u00e9gal serait relev\u00e9 d&#8217;un trimestre chaque ann\u00e9e pour atteindre 64&nbsp;ans en 2030.<\/p>\n\n\n\n<p>Dans le m\u00eame temps, la&nbsp;<strong>dur\u00e9e de cotisation<\/strong>&nbsp;pour b\u00e9n\u00e9ficier d&#8217;une retraite \u00e0 taux plein serait port\u00e9e \u00e0 43&nbsp;ans d\u00e8s 2027&nbsp;(la r\u00e9forme des retraites de 2014&nbsp;pr\u00e9voyait un allongement de la dur\u00e9e de cotisation \u00e0 43&nbsp;ans en 2035).<\/p>\n\n\n\n<p>L&#8217;\u00e2ge de la retraite \u00e0 taux plein (sans d\u00e9cote) resterait fix\u00e9 \u00e0 67&nbsp;ans.<\/p>\n\n\n\n<p>Pour financer le r\u00e9gime des retraites, une contribution devrait \u00eatre demand\u00e9e aux entreprises. Pour les entreprises, cette contribution serait compens\u00e9e par une baisse de leur cotisation au r\u00e9gime des accidents du travail qui est actuellement b\u00e9n\u00e9ficiaire.<\/p>\n\n\n\n<p>Le&nbsp;<strong>dispositif dit &#8220;carri\u00e8res longues&#8221;<\/strong>&nbsp;serait conserv\u00e9 avec des am\u00e9nagements. En 2030, ceux qui ont commenc\u00e9 \u00e0 travailler avant 16&nbsp;ans pourraient continuer \u00e0 partir \u00e0 la retraite \u00e0 58&nbsp;ans. Ceux qui ont commenc\u00e9 \u00e0 travailler entre 16&nbsp;et 18&nbsp;ans pourraient partir \u00e0 60&nbsp;ans et ceux qui ont commenc\u00e9 entre 18&nbsp;et 20&nbsp;ans \u00e0 62&nbsp;ans. Le dispositif &#8220;carri\u00e8res longues&#8221; va int\u00e9grer les interruptions de carri\u00e8re pour \u00e9lever des enfants.<\/p>\n\n\n\n<p>Des&nbsp;<strong>d\u00e9parts anticip\u00e9s<\/strong>&nbsp;resteraient possibles pour les personnes invalides ou en incapacit\u00e9 ainsi que pour les personnes en situation de handicap.<\/p>\n\n\n\n<p>Le projet du gouvernement comprend \u00e9galement un volet consacr\u00e9 \u00e0 la prise en compte de la&nbsp;<strong>p\u00e9nibilit\u00e9<\/strong>. Le&nbsp;<strong>compte professionnel de pr\u00e9vention (C2P)<\/strong>&nbsp;devrait notamment \u00eatre renforc\u00e9.<\/p>\n\n\n\n<p>L&#8217;<strong>emploi des seniors<\/strong>&nbsp;ferait l&#8217;objet \u00e9galement d&#8217;une attention particuli\u00e8re. Par exemple, les entreprises de plus de 300&nbsp;salari\u00e9s devraient publier un&nbsp;<strong>index de l&#8217;emploi des seniors<\/strong>&nbsp;(sur le mod\u00e8le de l&#8217;index de l&#8217;\u00e9galit\u00e9 professionnelle entre les femmes et les hommes).<\/p>\n\n\n\n<p>Le montant de la&nbsp;<strong>pension minimale<\/strong>&nbsp;serait augment\u00e9 de 100&nbsp;euros en septembre 2023.<\/p>\n\n\n\n<h3 class=\"wp-block-heading\">Les mesures pour la fonction publique et les r\u00e9gimes sp\u00e9ciaux<\/h3>\n\n\n\n<p>Le report de l&#8217;\u00e2ge l\u00e9gal et l&#8217;allongement de la dur\u00e9e de cotisation s&#8217;appliqueraient \u00e0&nbsp;<strong>tous les agents publics des trois fonctions publiques<\/strong>. Le mode de calcul des pensions des fonctionnaires resterait inchang\u00e9 (six derniers mois sans prise en compte des primes). Les dispositions sp\u00e9cifiques aux&nbsp;<strong>cat\u00e9gories actives<\/strong>&nbsp;(prise en compte de la p\u00e9nibilit\u00e9) avec des possibilit\u00e9s de d\u00e9part anticip\u00e9 resteraient inchang\u00e9es (pour les policiers par exemple). Les droits acquis, en mati\u00e8re de p\u00e9nibilit\u00e9, pendant les ann\u00e9es de service en cat\u00e9gorie active seraient d\u00e9finitivement acquis m\u00eame en cas de changement de carri\u00e8re.<\/p>\n\n\n\n<p>Pour faciliter les fins de carri\u00e8re, la&nbsp;<strong>retraite progressive<\/strong>&nbsp;serait \u00e9tendue aux agents publics. En parall\u00e8le,&nbsp;<strong>les fonctionnaires qui le souhaitent pourraient travailler apr\u00e8s 67&nbsp;ans<\/strong>&nbsp;(qui est la limite d&#8217;\u00e2ge actuelle) et jusqu&#8217;\u00e0 70&nbsp;ans.<\/p>\n\n\n\n<p>Pour les agents publics des \u00e9tablissements de sant\u00e9 et de certains m\u00e9tiers de la fonction publique territoriale, des mesures pour la&nbsp;<strong>pr\u00e9vention de l&#8217;usure professionnelle<\/strong>&nbsp;seraient adopt\u00e9es (cr\u00e9ation d&#8217;un fonds notamment).<\/p>\n\n\n\n<p>Par ailleurs, le Gouvernement pr\u00e9voit la&nbsp;<strong>fermeture progressive des r\u00e9gimes sp\u00e9ciaux de retraite<\/strong>&nbsp;(RATP, r\u00e9gime des \u00e9lectriciens et gaziers, Banque de France\u2026) pour les nouveaux embauch\u00e9s \u00e0 partir de septembre 2023. Pour les salari\u00e9s actuels des r\u00e9gimes sp\u00e9ciaux, la dur\u00e9e de cotisation devrait \u00eatre allong\u00e9e selon un calendrier qui sera n\u00e9goci\u00e9.<\/p>\n","protected":false},"excerpt":{"rendered":"<p>Report de l&#8217;\u00e2ge l\u00e9gal de d\u00e9part \u00e0 la retraite \u00e0 64&nbsp;ans \u00e0 partir de 2030, 43&nbsp;ans de cotisation n\u00e9cessaires \u00e0 partir de 2027, prise en compte de la p\u00e9nibilit\u00e9, suppression des r\u00e9gimes sp\u00e9ciaux\u2026 quels sont les points principaux du projet de la r\u00e9forme des retraites pr\u00e9sent\u00e9e d\u00e9but Janvier 2023&nbsp;et qui fait couler tant d\u2019encre\u2026 Gen\u00e8se &#8230; <a title=\"Projet de r\u00e9forme des retraites\" class=\"read-more\" href=\"https:\/\/www.feodus-finance.fr\/defiscalisation\/projet-de-reforme-des-retraites\/\" aria-label=\"En savoir plus sur Projet de r\u00e9forme des retraites\">Lire plus<\/a><\/p>\n","protected":false},"author":4,"featured_media":1680,"comment_status":"open","ping_status":"open","sticky":false,"template":"","format":"standard","meta":{"footnotes":""},"categories":[1],"tags":[],"class_list":["post-1679","post","type-post","status-publish","format-standard","has-post-thumbnail","hentry","category-dossier","generate-columns","tablet-grid-50","mobile-grid-100","grid-parent","grid-33"],"yoast_head":"<!-- This site is optimized with the Yoast SEO plugin v24.6 - https:\/\/yoast.com\/wordpress\/plugins\/seo\/ -->\n<title>Projet de r\u00e9forme des retraites - Feodus<\/title>\n<meta name=\"robots\" content=\"index, follow, max-snippet:-1, max-image-preview:large, max-video-preview:-1\" \/>\n<link rel=\"canonical\" href=\"https:\/\/www.feodus-finance.fr\/defiscalisation\/projet-de-reforme-des-retraites\/\" \/>\n<meta property=\"og:locale\" content=\"fr_FR\" \/>\n<meta property=\"og:type\" content=\"article\" \/>\n<meta property=\"og:title\" content=\"Projet de r\u00e9forme des retraites - Feodus\" \/>\n<meta property=\"og:description\" content=\"Report de l&#8217;\u00e2ge l\u00e9gal de d\u00e9part \u00e0 la retraite \u00e0 64&nbsp;ans \u00e0 partir de 2030, 43&nbsp;ans de cotisation n\u00e9cessaires \u00e0 partir de 2027, prise en compte de la p\u00e9nibilit\u00e9, suppression des r\u00e9gimes sp\u00e9ciaux\u2026 quels sont les points principaux du projet de la r\u00e9forme des retraites pr\u00e9sent\u00e9e d\u00e9but Janvier 2023&nbsp;et qui fait couler tant d\u2019encre\u2026 Gen\u00e8se ... Lire plus\" \/>\n<meta property=\"og:url\" content=\"https:\/\/www.feodus-finance.fr\/defiscalisation\/projet-de-reforme-des-retraites\/\" \/>\n<meta property=\"og:site_name\" content=\"Feodus\" \/>\n<meta property=\"article:published_time\" content=\"2023-11-18T09:44:30+00:00\" \/>\n<meta property=\"article:modified_time\" content=\"2023-11-23T11:45:00+00:00\" \/>\n<meta property=\"og:image\" content=\"https:\/\/www.feodus-finance.fr\/defiscalisation\/wp-content\/uploads\/2023\/11\/15726.jpeg\" \/>\n\t<meta property=\"og:image:width\" content=\"920\" \/>\n\t<meta property=\"og:image:height\" content=\"613\" \/>\n\t<meta property=\"og:image:type\" content=\"image\/jpeg\" \/>\n<meta name=\"author\" content=\"Fr\u00e9d\u00e9ric Peyre\" \/>\n<meta name=\"twitter:card\" content=\"summary_large_image\" \/>\n<!-- \/ Yoast SEO plugin. -->","yoast_head_json":{"title":"Projet de r\u00e9forme des retraites - Feodus","robots":{"index":"index","follow":"follow","max-snippet":"max-snippet:-1","max-image-preview":"max-image-preview:large","max-video-preview":"max-video-preview:-1"},"canonical":"https:\/\/www.feodus-finance.fr\/defiscalisation\/projet-de-reforme-des-retraites\/","og_locale":"fr_FR","og_type":"article","og_title":"Projet de r\u00e9forme des retraites - Feodus","og_description":"Report de l&#8217;\u00e2ge l\u00e9gal de d\u00e9part \u00e0 la retraite \u00e0 64&nbsp;ans \u00e0 partir de 2030, 43&nbsp;ans de cotisation n\u00e9cessaires \u00e0 partir de 2027, prise en compte de la p\u00e9nibilit\u00e9, suppression des r\u00e9gimes sp\u00e9ciaux\u2026 quels sont les points principaux du projet de la r\u00e9forme des retraites pr\u00e9sent\u00e9e d\u00e9but Janvier 2023&nbsp;et qui fait couler tant d\u2019encre\u2026 Gen\u00e8se ... Lire plus","og_url":"https:\/\/www.feodus-finance.fr\/defiscalisation\/projet-de-reforme-des-retraites\/","og_site_name":"Feodus","article_published_time":"2023-11-18T09:44:30+00:00","article_modified_time":"2023-11-23T11:45:00+00:00","og_image":[{"width":920,"height":613,"url":"https:\/\/www.feodus-finance.fr\/defiscalisation\/wp-content\/uploads\/2023\/11\/15726.jpeg","type":"image\/jpeg"}],"author":"Fr\u00e9d\u00e9ric Peyre","twitter_card":"summary_large_image","schema":{"@context":"https:\/\/schema.org","@graph":[{"@type":"NewsArticle","@id":"https:\/\/www.feodus-finance.fr\/defiscalisation\/projet-de-reforme-des-retraites\/#article","isPartOf":{"@id":"https:\/\/www.feodus-finance.fr\/defiscalisation\/projet-de-reforme-des-retraites\/"},"author":{"name":"Fr\u00e9d\u00e9ric Peyre","@id":"https:\/\/www.feodus-finance.fr\/defiscalisation\/#\/schema\/person\/36443069585ecf2f182b3f03a6a1e241"},"headline":"Projet de r\u00e9forme des retraites","datePublished":"2023-11-18T09:44:30+00:00","dateModified":"2023-11-23T11:45:00+00:00","mainEntityOfPage":{"@id":"https:\/\/www.feodus-finance.fr\/defiscalisation\/projet-de-reforme-des-retraites\/"},"wordCount":968,"commentCount":0,"publisher":{"@id":"https:\/\/www.feodus-finance.fr\/defiscalisation\/#organization"},"image":{"@id":"https:\/\/www.feodus-finance.fr\/defiscalisation\/projet-de-reforme-des-retraites\/#primaryimage"},"thumbnailUrl":"https:\/\/www.feodus-finance.fr\/defiscalisation\/wp-content\/uploads\/2023\/11\/15726.jpeg","articleSection":["Guides de la fiscalit\u00e9 des particuliers"],"inLanguage":"fr-FR","potentialAction":[{"@type":"CommentAction","name":"Comment","target":["https:\/\/www.feodus-finance.fr\/defiscalisation\/projet-de-reforme-des-retraites\/#respond"]}]},{"@type":"WebPage","@id":"https:\/\/www.feodus-finance.fr\/defiscalisation\/projet-de-reforme-des-retraites\/","url":"https:\/\/www.feodus-finance.fr\/defiscalisation\/projet-de-reforme-des-retraites\/","name":"Projet de r\u00e9forme des retraites - Feodus","isPartOf":{"@id":"https:\/\/www.feodus-finance.fr\/defiscalisation\/#website"},"primaryImageOfPage":{"@id":"https:\/\/www.feodus-finance.fr\/defiscalisation\/projet-de-reforme-des-retraites\/#primaryimage"},"image":{"@id":"https:\/\/www.feodus-finance.fr\/defiscalisation\/projet-de-reforme-des-retraites\/#primaryimage"},"thumbnailUrl":"https:\/\/www.feodus-finance.fr\/defiscalisation\/wp-content\/uploads\/2023\/11\/15726.jpeg","datePublished":"2023-11-18T09:44:30+00:00","dateModified":"2023-11-23T11:45:00+00:00","breadcrumb":{"@id":"https:\/\/www.feodus-finance.fr\/defiscalisation\/projet-de-reforme-des-retraites\/#breadcrumb"},"inLanguage":"fr-FR","potentialAction":[{"@type":"ReadAction","target":["https:\/\/www.feodus-finance.fr\/defiscalisation\/projet-de-reforme-des-retraites\/"]}]},{"@type":"ImageObject","inLanguage":"fr-FR","@id":"https:\/\/www.feodus-finance.fr\/defiscalisation\/projet-de-reforme-des-retraites\/#primaryimage","url":"https:\/\/www.feodus-finance.fr\/defiscalisation\/wp-content\/uploads\/2023\/11\/15726.jpeg","contentUrl":"https:\/\/www.feodus-finance.fr\/defiscalisation\/wp-content\/uploads\/2023\/11\/15726.jpeg","width":920,"height":613,"caption":"r\u00e9forme des retraites"},{"@type":"BreadcrumbList","@id":"https:\/\/www.feodus-finance.fr\/defiscalisation\/projet-de-reforme-des-retraites\/#breadcrumb","itemListElement":[{"@type":"ListItem","position":1,"name":"Accueil","item":"https:\/\/www.feodus-finance.fr\/defiscalisation\/"},{"@type":"ListItem","position":2,"name":"Guides de la fiscalit\u00e9 des particuliers","item":"https:\/\/www.feodus-finance.fr\/defiscalisation\/dossier\/"},{"@type":"ListItem","position":3,"name":"Projet de r\u00e9forme des retraites"}]},{"@type":"WebSite","@id":"https:\/\/www.feodus-finance.fr\/defiscalisation\/#website","url":"https:\/\/www.feodus-finance.fr\/defiscalisation\/","name":"Feodus","description":"","publisher":{"@id":"https:\/\/www.feodus-finance.fr\/defiscalisation\/#organization"},"potentialAction":[{"@type":"SearchAction","target":{"@type":"EntryPoint","urlTemplate":"https:\/\/www.feodus-finance.fr\/defiscalisation\/?s={search_term_string}"},"query-input":{"@type":"PropertyValueSpecification","valueRequired":true,"valueName":"search_term_string"}}],"inLanguage":"fr-FR"},{"@type":"Organization","@id":"https:\/\/www.feodus-finance.fr\/defiscalisation\/#organization","name":"Feodus","url":"https:\/\/www.feodus-finance.fr\/defiscalisation\/","logo":{"@type":"ImageObject","inLanguage":"fr-FR","@id":"https:\/\/www.feodus-finance.fr\/defiscalisation\/#\/schema\/logo\/image\/","url":"https:\/\/www.feodus-finance.fr\/defiscalisation\/wp-content\/uploads\/2023\/11\/cropped-logo-footer.jpg","contentUrl":"https:\/\/www.feodus-finance.fr\/defiscalisation\/wp-content\/uploads\/2023\/11\/cropped-logo-footer.jpg","width":249,"height":73,"caption":"Feodus"},"image":{"@id":"https:\/\/www.feodus-finance.fr\/defiscalisation\/#\/schema\/logo\/image\/"}},{"@type":"Person","@id":"https:\/\/www.feodus-finance.fr\/defiscalisation\/#\/schema\/person\/36443069585ecf2f182b3f03a6a1e241","name":"Fr\u00e9d\u00e9ric Peyre","image":{"@type":"ImageObject","inLanguage":"fr-FR","@id":"https:\/\/www.feodus-finance.fr\/defiscalisation\/#\/schema\/person\/image\/","url":"https:\/\/www.feodus-finance.fr\/defiscalisation\/wp-content\/uploads\/2023\/11\/logo-96x96.jpg","contentUrl":"https:\/\/www.feodus-finance.fr\/defiscalisation\/wp-content\/uploads\/2023\/11\/logo-96x96.jpg","caption":"Fr\u00e9d\u00e9ric Peyre"},"description":"Fr\u00e9d\u00e9ric a commenc\u00e9 sa carri\u00e8re dans le milieu bancaire en 1984 avant de rapidement s\u2019orienter vers une activit\u00e9 d\u00e9di\u00e9e au courtage au sein d\u2019une grande Compagnie d\u2019Assurances, le GAN en 1991. Cette activit\u00e9 de distribution de contrats \u00ab vie \u00bb d\u00e9di\u00e9s \u00e0 une client\u00e8le de courtiers en assurances et gestionnaire de patrimoine lui a permis de se forger une r\u00e9putation de s\u00e9rieux en Rh\u00f4ne-Alpes ainsi qu\u2019une base de clients fid\u00e8les. En 1998 une grande soci\u00e9t\u00e9 am\u00e9ricaine de gestion d\u2019actifs, INVESCO, le recrute aux fins de promouvoir sa gestion et ses fonds aupr\u00e8s de clients gestionnaires de patrimoine ind\u00e9pendants et de couvrir un tiers du territoire Fran\u00e7ais. Il int\u00e8gre par la suite Edmond de Rothschild Asset Management en 2001 en tant que Fond\u00e9 de pouvoirs en charge des relations avec les conseillers en gestion de patrimoine ind\u00e9pendants pour une zone couvrant la moiti\u00e9 sud de la France. Il enseigne en parall\u00e8le \u00e0 Lyon III l\u2019\u00e9conomie et la finance dans le cursus Master Gestion de Patrimoine. En 2008, il cr\u00e9e sa propre soci\u00e9t\u00e9 de gestion d\u2019actifs \u00e0 Paris, qu\u2019il pr\u00e9side avant de choisir de la quitter en 2015 pour d\u00e9velopper le projet Feodus. Fr\u00e9d\u00e9ric dispose de tous les agr\u00e9ments n\u00e9cessaires aux m\u00e9tiers du conseil en gestion de patrimoine, s\u2019agissant de professions r\u00e9glement\u00e9es : il est Conseiller en Investissement Financier (CIF), Courtier en Op\u00e9rations de Banque &amp; Services de Paiement (COBSP), Courtier en Op\u00e9rations d\u2019Assurance (COA) et b\u00e9n\u00e9ficie de la carte professionnelle immobili\u00e8re pour les Transactions sur Immeubles &amp; Fonds de commerce.","url":"https:\/\/www.feodus-finance.fr\/defiscalisation\/author\/frederic-peyre\/"}]}},"_links":{"self":[{"href":"https:\/\/www.feodus-finance.fr\/defiscalisation\/wp-json\/wp\/v2\/posts\/1679","targetHints":{"allow":["GET"]}}],"collection":[{"href":"https:\/\/www.feodus-finance.fr\/defiscalisation\/wp-json\/wp\/v2\/posts"}],"about":[{"href":"https:\/\/www.feodus-finance.fr\/defiscalisation\/wp-json\/wp\/v2\/types\/post"}],"author":[{"embeddable":true,"href":"https:\/\/www.feodus-finance.fr\/defiscalisation\/wp-json\/wp\/v2\/users\/4"}],"replies":[{"embeddable":true,"href":"https:\/\/www.feodus-finance.fr\/defiscalisation\/wp-json\/wp\/v2\/comments?post=1679"}],"version-history":[{"count":1,"href":"https:\/\/www.feodus-finance.fr\/defiscalisation\/wp-json\/wp\/v2\/posts\/1679\/revisions"}],"predecessor-version":[{"id":1681,"href":"https:\/\/www.feodus-finance.fr\/defiscalisation\/wp-json\/wp\/v2\/posts\/1679\/revisions\/1681"}],"wp:featuredmedia":[{"embeddable":true,"href":"https:\/\/www.feodus-finance.fr\/defiscalisation\/wp-json\/wp\/v2\/media\/1680"}],"wp:attachment":[{"href":"https:\/\/www.feodus-finance.fr\/defiscalisation\/wp-json\/wp\/v2\/media?parent=1679"}],"wp:term":[{"taxonomy":"category","embeddable":true,"href":"https:\/\/www.feodus-finance.fr\/defiscalisation\/wp-json\/wp\/v2\/categories?post=1679"},{"taxonomy":"post_tag","embeddable":true,"href":"https:\/\/www.feodus-finance.fr\/defiscalisation\/wp-json\/wp\/v2\/tags?post=1679"}],"curies":[{"name":"wp","href":"https:\/\/api.w.org\/{rel}","templated":true}]}}