{"id":1691,"date":"2023-11-18T09:46:55","date_gmt":"2023-11-18T09:46:55","guid":{"rendered":"https:\/\/www.feodus-finance.fr\/defiscalisation\/?p=1691"},"modified":"2023-11-23T11:44:38","modified_gmt":"2023-11-23T11:44:38","slug":"ingenierie-sociale-et-dispositifs-depargne-salariale-quelles-evolutions-a-venir","status":"publish","type":"post","link":"https:\/\/www.feodus-finance.fr\/defiscalisation\/ingenierie-sociale-et-dispositifs-depargne-salariale-quelles-evolutions-a-venir\/","title":{"rendered":"Ing\u00e9nierie sociale et dispositifs d&#8217;\u00e9pargne salariale, quelles \u00e9volutions \u00e0 venir ?"},"content":{"rendered":"\n<h3 class=\"wp-block-heading\">Partage de la valeur&nbsp;: Eres vous r\u00e9sume l\u2019essentiel de l\u2019accord national interprofessionnel.<\/h3>\n\n\n\n<p>Elles avaient collectivement \u00e9t\u00e9 missionn\u00e9es par le gouvernement avec des objectifs pr\u00e9cis&nbsp;: g\u00e9n\u00e9raliser le partage de la valeur pour tous les salari\u00e9s (ndlr&nbsp;: dans les plus petites entreprises), am\u00e9liorer l\u2019articulation des diff\u00e9rents dispositifs de partage de la valeur (ndlr&nbsp;: articulation de la prime de partage de la valeur PPV \u2013 ex prime Macron- avec les dispositifs d\u2019\u00e9pargne salariale), fl\u00e9cher l\u2019\u00e9pargne salariale vers le financement des grandes priorit\u00e9s d\u2019int\u00e9r\u00eat commun (ndlr&nbsp;: d\u00e9veloppement des investissements favorisant la transition \u00e9nerg\u00e9tique et le financement des PME).<\/p>\n\n\n\n<p>Le r\u00e9sultat des n\u00e9gociations reste bien \u00e9videmment \u00e0 transcrire dans un v\u00e9hicule l\u00e9gislatif qui pourrait voir le jour au printemps. Eres a fait un peu le tri pour vous et voici ce qui nous semble pertinent de relever \u00e0 ce stade.<\/p>\n\n\n\n<p><strong>1. Les entreprises de 11&nbsp;\u00e0 50&nbsp;salari\u00e9s pourraient devoir partager la valeur via un dispositif d\u2019\u00e9pargne salariale&nbsp;<\/strong>au choix de l\u2019entreprise&nbsp;: participation, int\u00e9ressement, prime de partage de la valeur, ou encore plan d\u2019\u00e9pargne salariale (PEE, PERECO).<\/p>\n\n\n\n<ul class=\"wp-block-list\">\n<li>Pas de montant minimum en vue au sortir de cet accord (pas d\u2019obligation d\u2019appliquer la formule minimale de participation impos\u00e9e aux entreprises de plus de 50&nbsp;salari\u00e9s)<\/li>\n\n\n\n<li>Cette obligation serait applicable sous r\u00e9serve d\u2019une condition de profitabilit\u00e9 (b\u00e9n\u00e9fice \/ CA &gt; 1% pendant 3&nbsp;ans cons\u00e9cutifs)<\/li>\n<\/ul>\n\n\n\n<p><strong>2. Un accord de participation dans les entreprises de moins de 50&nbsp;salari\u00e9s&nbsp;<\/strong>pourrait pr\u00e9voir une formule de calcul d\u00e9rogatoire avec un r\u00e9sultat sup\u00e9rieur&nbsp;<strong>ou inf\u00e9rieur<\/strong>&nbsp;\u00e0 la formule l\u00e9gale.<\/p>\n\n\n\n<p><strong>3. Toute entreprise de plus de 50&nbsp;salari\u00e9s et ayant au moins un d\u00e9l\u00e9gu\u00e9 syndical devrait n\u00e9gocier un accord stipulant que chaque ann\u00e9e o\u00f9 elle constatera un r\u00e9sultat exceptionnel,<\/strong>&nbsp;elle devra soit distribuer automatiquement un suppl\u00e9ment de participation ou d\u2019int\u00e9ressement soit engager des discussions sur le versement d\u2019un dispositif de partage de la valeur additionnel. Cette obligation ne concernerait pas les entreprises ayant mis en \u0153uvre un accord de participation \u00e0 formule d\u00e9rogatoire (plus favorable que la formule l\u00e9gale)<\/p>\n\n\n\n<p>NB&nbsp;: La notion de \u00ab&nbsp;r\u00e9sultat exceptionnel&nbsp;\u00bb serait d\u00e9finie par l\u2019employeur. Les entreprises d\u00e9j\u00e0 couvertes par un accord devraient engager une n\u00e9gociation avant le 30\/06\/2024.<\/p>\n\n\n\n<p><strong>4. La prime de partage de la valeur pourrait \u00eatre accueillie dans les plans d\u2019\u00e9pargne salariale (PEE, PERECO)&nbsp;<\/strong>afin de b\u00e9n\u00e9ficier d\u2019exon\u00e9ration d\u2019imp\u00f4t (rappel&nbsp;: la PPV sera imposable \u00e0 partir de 2024). Le versement de la PPV dans un plan d\u2019\u00e9pargne salariale pourrait ainsi d\u00e9clencher l\u2019abondement compl\u00e9mentaire. La PPV pourrait \u00e9galement \u00eatre octroy\u00e9e 2&nbsp;fois par an dans la limite des plafonds actuels.<\/p>\n\n\n\n<p><strong>5. Le forfait social serait supprim\u00e9 pour toutes les entreprises comptant moins de 250&nbsp;salari\u00e9s&nbsp;<\/strong>quelle que soit l\u2019origine des versements de l\u2019employeur (participation, abondement, int\u00e9ressement)<\/p>\n\n\n\n<p><strong>6.&nbsp;<\/strong><strong>Diverses \u00e9volutions param\u00e9triques de l\u2019int\u00e9ressement, de la participation et des plans d\u2019\u00e9pargne&nbsp;<\/strong>(de fa\u00e7on non exhaustive&nbsp;: possibilit\u00e9 de verser des avances p\u00e9riodiques sur la participation, simplification des proc\u00e9dures de modification des plans interentreprises, crit\u00e8res RSE dans les accords d\u2019int\u00e9ressement\u2026)<\/p>\n\n\n\n<p><strong>7. Trois nouveaux cas de d\u00e9blocage anticip\u00e9s sur le PEE (plan d\u2019\u00e9pargne d\u2019entreprise) pourraient voir le jour&nbsp;:<\/strong><\/p>\n\n\n\n<ul class=\"wp-block-list\">\n<li>Travaux de r\u00e9novation \u00e9nerg\u00e9tique,<\/li>\n\n\n\n<li>Achat d\u2019un v\u00e9hicule \u00e9lectrique,<\/li>\n\n\n\n<li>Situation de d\u00e9pendance d\u2019un parent.<\/li>\n<\/ul>\n\n\n\n<p><strong>8. Diverses mesures visant \u00e0 favoriser l\u2019actionnariat salari\u00e9 ou l\u2019association \u00e0 la croissance de l\u2019entreprise&nbsp;<\/strong>dont un nouveau dispositif \u00ab&nbsp;plan de partage de la valorisation de l\u2019entreprise&nbsp;\u00bb qui permettrait de distribuer aux salari\u00e9s une prime index\u00e9e sur l\u2019\u00e9volution de la valorisation de l\u2019entreprise aux termes d\u2019une p\u00e9riode de 3&nbsp;ans. Cette prime pourrait \u00eatre vers\u00e9e dans les dispositifs d\u2019\u00e9pargne salariale pour b\u00e9n\u00e9ficier des exon\u00e9rations associ\u00e9es.<\/p>\n\n\n\n<p>Chez Eres, nous saluons cet accord qui montre une nouvelle fois que le partage de la valeur est un enjeu cl\u00e9 du contrat social et un facteur crucial de la comp\u00e9titivit\u00e9 de nos entreprises. Les d\u00e9tails des textes de loi qui en r\u00e9sulteront seront essentiels pour r\u00e9ellement conclure sur la pleine efficacit\u00e9 des id\u00e9es avanc\u00e9es mais ils montrent la voie de vraies avanc\u00e9es pour le partage du profit dans nos entreprises.<\/p>\n\n\n\n<p>Nous suivrons pour vous la conclusion d\u2019ici le printemps.<\/p>\n\n\n\n<p><em><strong>Par Roxane DROUET, Juriste ERES<\/strong><\/em><\/p>\n","protected":false},"excerpt":{"rendered":"<p>Partage de la valeur&nbsp;: Eres vous r\u00e9sume l\u2019essentiel de l\u2019accord national interprofessionnel. Elles avaient collectivement \u00e9t\u00e9 missionn\u00e9es par le gouvernement avec des objectifs pr\u00e9cis&nbsp;: g\u00e9n\u00e9raliser le partage de la valeur pour tous les salari\u00e9s (ndlr&nbsp;: dans les plus petites entreprises), am\u00e9liorer l\u2019articulation des diff\u00e9rents dispositifs de partage de la valeur (ndlr&nbsp;: articulation de la prime &#8230; <a title=\"Ing\u00e9nierie sociale et dispositifs d&#8217;\u00e9pargne salariale, quelles \u00e9volutions \u00e0 venir ?\" class=\"read-more\" href=\"https:\/\/www.feodus-finance.fr\/defiscalisation\/ingenierie-sociale-et-dispositifs-depargne-salariale-quelles-evolutions-a-venir\/\" aria-label=\"En savoir plus sur Ing\u00e9nierie sociale et dispositifs d&#8217;\u00e9pargne salariale, quelles \u00e9volutions \u00e0 venir ?\">Lire plus<\/a><\/p>\n","protected":false},"author":4,"featured_media":1692,"comment_status":"open","ping_status":"open","sticky":false,"template":"","format":"standard","meta":{"footnotes":""},"categories":[1],"tags":[],"class_list":["post-1691","post","type-post","status-publish","format-standard","has-post-thumbnail","hentry","category-dossier","generate-columns","tablet-grid-50","mobile-grid-100","grid-parent","grid-33"],"yoast_head":"<!-- This site is optimized with the Yoast SEO plugin v24.6 - https:\/\/yoast.com\/wordpress\/plugins\/seo\/ -->\n<title>Ing\u00e9nierie sociale et dispositifs d&#039;\u00e9pargne salariale, quelles \u00e9volutions \u00e0 venir ? - Feodus<\/title>\n<meta name=\"robots\" content=\"index, follow, max-snippet:-1, max-image-preview:large, max-video-preview:-1\" \/>\n<link rel=\"canonical\" href=\"https:\/\/www.feodus-finance.fr\/defiscalisation\/ingenierie-sociale-et-dispositifs-depargne-salariale-quelles-evolutions-a-venir\/\" \/>\n<meta property=\"og:locale\" content=\"fr_FR\" \/>\n<meta property=\"og:type\" content=\"article\" \/>\n<meta property=\"og:title\" content=\"Ing\u00e9nierie sociale et dispositifs d&#039;\u00e9pargne salariale, quelles \u00e9volutions \u00e0 venir ? - Feodus\" \/>\n<meta property=\"og:description\" content=\"Partage de la valeur&nbsp;: Eres vous r\u00e9sume l\u2019essentiel de l\u2019accord national interprofessionnel. Elles avaient collectivement \u00e9t\u00e9 missionn\u00e9es par le gouvernement avec des objectifs pr\u00e9cis&nbsp;: g\u00e9n\u00e9raliser le partage de la valeur pour tous les salari\u00e9s (ndlr&nbsp;: dans les plus petites entreprises), am\u00e9liorer l\u2019articulation des diff\u00e9rents dispositifs de partage de la valeur (ndlr&nbsp;: articulation de la prime ... Lire plus\" \/>\n<meta property=\"og:url\" content=\"https:\/\/www.feodus-finance.fr\/defiscalisation\/ingenierie-sociale-et-dispositifs-depargne-salariale-quelles-evolutions-a-venir\/\" \/>\n<meta property=\"og:site_name\" content=\"Feodus\" \/>\n<meta property=\"article:published_time\" content=\"2023-11-18T09:46:55+00:00\" \/>\n<meta property=\"article:modified_time\" content=\"2023-11-23T11:44:38+00:00\" \/>\n<meta property=\"og:image\" content=\"https:\/\/www.feodus-finance.fr\/defiscalisation\/wp-content\/uploads\/2023\/11\/21277.jpeg\" \/>\n\t<meta property=\"og:image:width\" content=\"640\" \/>\n\t<meta property=\"og:image:height\" content=\"920\" \/>\n\t<meta property=\"og:image:type\" content=\"image\/jpeg\" \/>\n<meta name=\"author\" content=\"Fr\u00e9d\u00e9ric Peyre\" \/>\n<meta name=\"twitter:card\" content=\"summary_large_image\" \/>\n<!-- \/ Yoast SEO plugin. -->","yoast_head_json":{"title":"Ing\u00e9nierie sociale et dispositifs d'\u00e9pargne salariale, quelles \u00e9volutions \u00e0 venir ? - Feodus","robots":{"index":"index","follow":"follow","max-snippet":"max-snippet:-1","max-image-preview":"max-image-preview:large","max-video-preview":"max-video-preview:-1"},"canonical":"https:\/\/www.feodus-finance.fr\/defiscalisation\/ingenierie-sociale-et-dispositifs-depargne-salariale-quelles-evolutions-a-venir\/","og_locale":"fr_FR","og_type":"article","og_title":"Ing\u00e9nierie sociale et dispositifs d'\u00e9pargne salariale, quelles \u00e9volutions \u00e0 venir ? - Feodus","og_description":"Partage de la valeur&nbsp;: Eres vous r\u00e9sume l\u2019essentiel de l\u2019accord national interprofessionnel. Elles avaient collectivement \u00e9t\u00e9 missionn\u00e9es par le gouvernement avec des objectifs pr\u00e9cis&nbsp;: g\u00e9n\u00e9raliser le partage de la valeur pour tous les salari\u00e9s (ndlr&nbsp;: dans les plus petites entreprises), am\u00e9liorer l\u2019articulation des diff\u00e9rents dispositifs de partage de la valeur (ndlr&nbsp;: articulation de la prime ... Lire plus","og_url":"https:\/\/www.feodus-finance.fr\/defiscalisation\/ingenierie-sociale-et-dispositifs-depargne-salariale-quelles-evolutions-a-venir\/","og_site_name":"Feodus","article_published_time":"2023-11-18T09:46:55+00:00","article_modified_time":"2023-11-23T11:44:38+00:00","og_image":[{"width":640,"height":920,"url":"https:\/\/www.feodus-finance.fr\/defiscalisation\/wp-content\/uploads\/2023\/11\/21277.jpeg","type":"image\/jpeg"}],"author":"Fr\u00e9d\u00e9ric Peyre","twitter_card":"summary_large_image","schema":{"@context":"https:\/\/schema.org","@graph":[{"@type":"NewsArticle","@id":"https:\/\/www.feodus-finance.fr\/defiscalisation\/ingenierie-sociale-et-dispositifs-depargne-salariale-quelles-evolutions-a-venir\/#article","isPartOf":{"@id":"https:\/\/www.feodus-finance.fr\/defiscalisation\/ingenierie-sociale-et-dispositifs-depargne-salariale-quelles-evolutions-a-venir\/"},"author":{"name":"Fr\u00e9d\u00e9ric Peyre","@id":"https:\/\/www.feodus-finance.fr\/defiscalisation\/#\/schema\/person\/36443069585ecf2f182b3f03a6a1e241"},"headline":"Ing\u00e9nierie sociale et dispositifs d&#8217;\u00e9pargne salariale, quelles \u00e9volutions \u00e0 venir ?","datePublished":"2023-11-18T09:46:55+00:00","dateModified":"2023-11-23T11:44:38+00:00","mainEntityOfPage":{"@id":"https:\/\/www.feodus-finance.fr\/defiscalisation\/ingenierie-sociale-et-dispositifs-depargne-salariale-quelles-evolutions-a-venir\/"},"wordCount":796,"commentCount":0,"publisher":{"@id":"https:\/\/www.feodus-finance.fr\/defiscalisation\/#organization"},"image":{"@id":"https:\/\/www.feodus-finance.fr\/defiscalisation\/ingenierie-sociale-et-dispositifs-depargne-salariale-quelles-evolutions-a-venir\/#primaryimage"},"thumbnailUrl":"https:\/\/www.feodus-finance.fr\/defiscalisation\/wp-content\/uploads\/2023\/11\/21277.jpeg","articleSection":["Guides de la fiscalit\u00e9 des particuliers"],"inLanguage":"fr-FR","potentialAction":[{"@type":"CommentAction","name":"Comment","target":["https:\/\/www.feodus-finance.fr\/defiscalisation\/ingenierie-sociale-et-dispositifs-depargne-salariale-quelles-evolutions-a-venir\/#respond"]}]},{"@type":"WebPage","@id":"https:\/\/www.feodus-finance.fr\/defiscalisation\/ingenierie-sociale-et-dispositifs-depargne-salariale-quelles-evolutions-a-venir\/","url":"https:\/\/www.feodus-finance.fr\/defiscalisation\/ingenierie-sociale-et-dispositifs-depargne-salariale-quelles-evolutions-a-venir\/","name":"Ing\u00e9nierie sociale et dispositifs d'\u00e9pargne salariale, quelles \u00e9volutions \u00e0 venir ? - Feodus","isPartOf":{"@id":"https:\/\/www.feodus-finance.fr\/defiscalisation\/#website"},"primaryImageOfPage":{"@id":"https:\/\/www.feodus-finance.fr\/defiscalisation\/ingenierie-sociale-et-dispositifs-depargne-salariale-quelles-evolutions-a-venir\/#primaryimage"},"image":{"@id":"https:\/\/www.feodus-finance.fr\/defiscalisation\/ingenierie-sociale-et-dispositifs-depargne-salariale-quelles-evolutions-a-venir\/#primaryimage"},"thumbnailUrl":"https:\/\/www.feodus-finance.fr\/defiscalisation\/wp-content\/uploads\/2023\/11\/21277.jpeg","datePublished":"2023-11-18T09:46:55+00:00","dateModified":"2023-11-23T11:44:38+00:00","breadcrumb":{"@id":"https:\/\/www.feodus-finance.fr\/defiscalisation\/ingenierie-sociale-et-dispositifs-depargne-salariale-quelles-evolutions-a-venir\/#breadcrumb"},"inLanguage":"fr-FR","potentialAction":[{"@type":"ReadAction","target":["https:\/\/www.feodus-finance.fr\/defiscalisation\/ingenierie-sociale-et-dispositifs-depargne-salariale-quelles-evolutions-a-venir\/"]}]},{"@type":"ImageObject","inLanguage":"fr-FR","@id":"https:\/\/www.feodus-finance.fr\/defiscalisation\/ingenierie-sociale-et-dispositifs-depargne-salariale-quelles-evolutions-a-venir\/#primaryimage","url":"https:\/\/www.feodus-finance.fr\/defiscalisation\/wp-content\/uploads\/2023\/11\/21277.jpeg","contentUrl":"https:\/\/www.feodus-finance.fr\/defiscalisation\/wp-content\/uploads\/2023\/11\/21277.jpeg","width":640,"height":920,"caption":"Ing\u00e9nierie sociale"},{"@type":"BreadcrumbList","@id":"https:\/\/www.feodus-finance.fr\/defiscalisation\/ingenierie-sociale-et-dispositifs-depargne-salariale-quelles-evolutions-a-venir\/#breadcrumb","itemListElement":[{"@type":"ListItem","position":1,"name":"Accueil","item":"https:\/\/www.feodus-finance.fr\/defiscalisation\/"},{"@type":"ListItem","position":2,"name":"Guides de la fiscalit\u00e9 des particuliers","item":"https:\/\/www.feodus-finance.fr\/defiscalisation\/dossier\/"},{"@type":"ListItem","position":3,"name":"Ing\u00e9nierie sociale et dispositifs d&rsquo;\u00e9pargne salariale, quelles \u00e9volutions \u00e0 venir ?"}]},{"@type":"WebSite","@id":"https:\/\/www.feodus-finance.fr\/defiscalisation\/#website","url":"https:\/\/www.feodus-finance.fr\/defiscalisation\/","name":"Feodus","description":"","publisher":{"@id":"https:\/\/www.feodus-finance.fr\/defiscalisation\/#organization"},"potentialAction":[{"@type":"SearchAction","target":{"@type":"EntryPoint","urlTemplate":"https:\/\/www.feodus-finance.fr\/defiscalisation\/?s={search_term_string}"},"query-input":{"@type":"PropertyValueSpecification","valueRequired":true,"valueName":"search_term_string"}}],"inLanguage":"fr-FR"},{"@type":"Organization","@id":"https:\/\/www.feodus-finance.fr\/defiscalisation\/#organization","name":"Feodus","url":"https:\/\/www.feodus-finance.fr\/defiscalisation\/","logo":{"@type":"ImageObject","inLanguage":"fr-FR","@id":"https:\/\/www.feodus-finance.fr\/defiscalisation\/#\/schema\/logo\/image\/","url":"https:\/\/www.feodus-finance.fr\/defiscalisation\/wp-content\/uploads\/2023\/11\/cropped-logo-footer.jpg","contentUrl":"https:\/\/www.feodus-finance.fr\/defiscalisation\/wp-content\/uploads\/2023\/11\/cropped-logo-footer.jpg","width":249,"height":73,"caption":"Feodus"},"image":{"@id":"https:\/\/www.feodus-finance.fr\/defiscalisation\/#\/schema\/logo\/image\/"}},{"@type":"Person","@id":"https:\/\/www.feodus-finance.fr\/defiscalisation\/#\/schema\/person\/36443069585ecf2f182b3f03a6a1e241","name":"Fr\u00e9d\u00e9ric Peyre","image":{"@type":"ImageObject","inLanguage":"fr-FR","@id":"https:\/\/www.feodus-finance.fr\/defiscalisation\/#\/schema\/person\/image\/","url":"https:\/\/www.feodus-finance.fr\/defiscalisation\/wp-content\/uploads\/2023\/11\/logo-96x96.jpg","contentUrl":"https:\/\/www.feodus-finance.fr\/defiscalisation\/wp-content\/uploads\/2023\/11\/logo-96x96.jpg","caption":"Fr\u00e9d\u00e9ric Peyre"},"description":"Fr\u00e9d\u00e9ric a commenc\u00e9 sa carri\u00e8re dans le milieu bancaire en 1984 avant de rapidement s\u2019orienter vers une activit\u00e9 d\u00e9di\u00e9e au courtage au sein d\u2019une grande Compagnie d\u2019Assurances, le GAN en 1991. Cette activit\u00e9 de distribution de contrats \u00ab vie \u00bb d\u00e9di\u00e9s \u00e0 une client\u00e8le de courtiers en assurances et gestionnaire de patrimoine lui a permis de se forger une r\u00e9putation de s\u00e9rieux en Rh\u00f4ne-Alpes ainsi qu\u2019une base de clients fid\u00e8les. En 1998 une grande soci\u00e9t\u00e9 am\u00e9ricaine de gestion d\u2019actifs, INVESCO, le recrute aux fins de promouvoir sa gestion et ses fonds aupr\u00e8s de clients gestionnaires de patrimoine ind\u00e9pendants et de couvrir un tiers du territoire Fran\u00e7ais. Il int\u00e8gre par la suite Edmond de Rothschild Asset Management en 2001 en tant que Fond\u00e9 de pouvoirs en charge des relations avec les conseillers en gestion de patrimoine ind\u00e9pendants pour une zone couvrant la moiti\u00e9 sud de la France. Il enseigne en parall\u00e8le \u00e0 Lyon III l\u2019\u00e9conomie et la finance dans le cursus Master Gestion de Patrimoine. En 2008, il cr\u00e9e sa propre soci\u00e9t\u00e9 de gestion d\u2019actifs \u00e0 Paris, qu\u2019il pr\u00e9side avant de choisir de la quitter en 2015 pour d\u00e9velopper le projet Feodus. Fr\u00e9d\u00e9ric dispose de tous les agr\u00e9ments n\u00e9cessaires aux m\u00e9tiers du conseil en gestion de patrimoine, s\u2019agissant de professions r\u00e9glement\u00e9es : il est Conseiller en Investissement Financier (CIF), Courtier en Op\u00e9rations de Banque &amp; Services de Paiement (COBSP), Courtier en Op\u00e9rations d\u2019Assurance (COA) et b\u00e9n\u00e9ficie de la carte professionnelle immobili\u00e8re pour les Transactions sur Immeubles &amp; Fonds de commerce.","url":"https:\/\/www.feodus-finance.fr\/defiscalisation\/author\/frederic-peyre\/"}]}},"_links":{"self":[{"href":"https:\/\/www.feodus-finance.fr\/defiscalisation\/wp-json\/wp\/v2\/posts\/1691","targetHints":{"allow":["GET"]}}],"collection":[{"href":"https:\/\/www.feodus-finance.fr\/defiscalisation\/wp-json\/wp\/v2\/posts"}],"about":[{"href":"https:\/\/www.feodus-finance.fr\/defiscalisation\/wp-json\/wp\/v2\/types\/post"}],"author":[{"embeddable":true,"href":"https:\/\/www.feodus-finance.fr\/defiscalisation\/wp-json\/wp\/v2\/users\/4"}],"replies":[{"embeddable":true,"href":"https:\/\/www.feodus-finance.fr\/defiscalisation\/wp-json\/wp\/v2\/comments?post=1691"}],"version-history":[{"count":1,"href":"https:\/\/www.feodus-finance.fr\/defiscalisation\/wp-json\/wp\/v2\/posts\/1691\/revisions"}],"predecessor-version":[{"id":1693,"href":"https:\/\/www.feodus-finance.fr\/defiscalisation\/wp-json\/wp\/v2\/posts\/1691\/revisions\/1693"}],"wp:featuredmedia":[{"embeddable":true,"href":"https:\/\/www.feodus-finance.fr\/defiscalisation\/wp-json\/wp\/v2\/media\/1692"}],"wp:attachment":[{"href":"https:\/\/www.feodus-finance.fr\/defiscalisation\/wp-json\/wp\/v2\/media?parent=1691"}],"wp:term":[{"taxonomy":"category","embeddable":true,"href":"https:\/\/www.feodus-finance.fr\/defiscalisation\/wp-json\/wp\/v2\/categories?post=1691"},{"taxonomy":"post_tag","embeddable":true,"href":"https:\/\/www.feodus-finance.fr\/defiscalisation\/wp-json\/wp\/v2\/tags?post=1691"}],"curies":[{"name":"wp","href":"https:\/\/api.w.org\/{rel}","templated":true}]}}