{"id":1703,"date":"2023-11-18T09:49:10","date_gmt":"2023-11-18T09:49:10","guid":{"rendered":"https:\/\/www.feodus-finance.fr\/defiscalisation\/?p=1703"},"modified":"2023-11-23T11:44:13","modified_gmt":"2023-11-23T11:44:13","slug":"cession-de-lusufruit-de-droits-sociaux","status":"publish","type":"post","link":"https:\/\/www.feodus-finance.fr\/defiscalisation\/cession-de-lusufruit-de-droits-sociaux\/","title":{"rendered":"Cession de l&#8217;usufruit de droits sociaux"},"content":{"rendered":"\n<h2 class=\"wp-block-heading\"><br>Les droits d&#8217;enregistrement sont applicables aux cessions de participations dans des personnes morales \u00e0 pr\u00e9pond\u00e9rance immobili\u00e8re<\/h2>\n\n\n\n<p>Cet article pr\u00e9voit que des droits d\u2019enregistrement sont applicables aux cessions de participations dans des personnes morales \u00e0 pr\u00e9pond\u00e9rance immobili\u00e8re. Cependant, cette disposition ne distingue pas les cessions de droits sociaux (c\u2019est-\u00e0-dire les cessions d\u2019une part sociale en pleine propri\u00e9t\u00e9) et les cessions de droits r\u00e9els (nue-propri\u00e9t\u00e9 ou usufruit d\u2019une part sociale).<\/p>\n\n\n\n<p><strong>D\u00e8s lors, ce droit proportionnel est-il exigible en cas de cession de l\u2019usufruit d\u2019une part sociale&nbsp;?<\/strong><\/p>\n\n\n\n<p>Pour dire que les droits d\u2019enregistrement de 5&nbsp;% n\u2019\u00e9taient pas dus, le demandeur au pourvoi soutient que cet article 726&nbsp;du Code g\u00e9n\u00e9ral des imp\u00f4ts ne peut pas viser la cession de l\u2019usufruit de droits sociaux (qu\u2019il soit temporaire ou non), puisque la cession de l\u2019usufruit ne conf\u00e8re pas au titulaire une<br>part du capital, mais seulement le droit temporaire de jouir et de percevoir des fruits.<\/p>\n\n\n\n<p>Pour r\u00e9pondre, la Cour reprend la d\u00e9finition de l\u2019usufruit donn\u00e9e par l\u2019article 578&nbsp;du Code civil selon lequel \u00ab&nbsp;l\u2019usufruit est le droit de jouir des choses dont un autre a la propri\u00e9t\u00e9, comme le propri\u00e9taire lui-m\u00eame, mais \u00e0 la charge d\u2019en conserver la substance.&nbsp;\u00bb Selon les juges, il r\u00e9sulte de cette lecture<br>que \u00ab&nbsp;l\u2019usufruitier de parts sociales ne peut se voir reconna\u00eetre la qualit\u00e9 d\u2019associ\u00e9, qui n\u2019appartient qu\u2019au nu-propri\u00e9taire, de sorte que la cession de l\u2019usufruit de droits sociaux ne peut \u00eatre qualifi\u00e9e de cession de droits sociaux.&nbsp;\u00bb<\/p>\n\n\n\n<p>Le raisonnement de la Cour semble donc se fonder sur sa position \u2013 d\u00e9sormais ent\u00e9rin\u00e9e &#8211; selon laquelle l\u2019usufruitier n\u2019a pas la qualit\u00e9 d\u2019associ\u00e9 (a)<br>, de telle sorte que la cession de l\u2019usufruit de droits sociaux n\u2019emporte pas mutation de la propri\u00e9t\u00e9 de droits sociaux et donc n\u2019est pas soumise au droit<br>d\u2019enregistrement (puisqu\u2019ils sont applicables aux cessions de droits sociaux, selon la r\u00e9daction de l\u2019article du Code g\u00e9n\u00e9ral des imp\u00f4ts pr\u00e9cit\u00e9).<\/p>\n\n\n\n<p><strong>La conclusion de la Cour aurait-elle \u00e9t\u00e9 la m\u00eame si la jurisprudence reconnaissait la qualit\u00e9 d\u2019associ\u00e9 \u00e0 l\u2019usufruitier&nbsp;?<\/strong><\/p>\n\n\n\n<p>Selon Pierre Fernoux (b), ce n\u2019est pas la qualit\u00e9 d\u2019associ\u00e9 qui est d\u00e9terminante mais la r\u00e9daction de l\u2019article 578&nbsp;du Code civil&nbsp;: \u00ab&nbsp;Tant que l&#8217;article 578&nbsp;du Code civil sera ainsi r\u00e9dig\u00e9, la cession de l&#8217;usufruit de droits sociaux \u00e9chappera aux droits de mutation \u00e0 titre on\u00e9reux. Que la qualit\u00e9 d&#8217;associ\u00e9 soit, ou non, reconnue \u00e0 l&#8217;usufruitier, la Cour de cassation ne pourra rien y changer.&nbsp;\u00bb<\/p>\n\n\n\n<p>Ainsi, d\u2019aucuns craignent l\u2019intervention prochaine du l\u00e9gislateur, qui viendrait contredire cette position du Conseil d\u2019Etat favorable au contribuable.<\/p>\n\n\n\n<p><em>(a). Position d\u00e9fendue par la Cour de cassation d\u00e8s 2006&nbsp;(arr\u00eat n\u00b0 05-17.009) et confirm\u00e9e pour la derni\u00e8re fois en 2022&nbsp;(arr\u00eat n\u00b0 20-15.164).<\/em><br><em>(b). Pierre Fernoux, article intitul\u00e9 Cession de l&#8217;usufruit de parts sociales et droits de mutation<\/em><\/p>\n","protected":false},"excerpt":{"rendered":"<p>Les droits d&#8217;enregistrement sont applicables aux cessions de participations dans des personnes morales \u00e0 pr\u00e9pond\u00e9rance immobili\u00e8re Cet article pr\u00e9voit que des droits d\u2019enregistrement sont applicables aux cessions de participations dans des personnes morales \u00e0 pr\u00e9pond\u00e9rance immobili\u00e8re. Cependant, cette disposition ne distingue pas les cessions de droits sociaux (c\u2019est-\u00e0-dire les cessions d\u2019une part sociale en pleine &#8230; <a title=\"Cession de l&#8217;usufruit de droits sociaux\" class=\"read-more\" href=\"https:\/\/www.feodus-finance.fr\/defiscalisation\/cession-de-lusufruit-de-droits-sociaux\/\" aria-label=\"En savoir plus sur Cession de l&#8217;usufruit de droits sociaux\">Lire plus<\/a><\/p>\n","protected":false},"author":4,"featured_media":1704,"comment_status":"open","ping_status":"open","sticky":false,"template":"","format":"standard","meta":{"footnotes":""},"categories":[1],"tags":[],"class_list":["post-1703","post","type-post","status-publish","format-standard","has-post-thumbnail","hentry","category-dossier","generate-columns","tablet-grid-50","mobile-grid-100","grid-parent","grid-33"],"yoast_head":"<!-- This site is optimized with the Yoast SEO plugin v24.6 - https:\/\/yoast.com\/wordpress\/plugins\/seo\/ -->\n<title>Cession de l&#039;usufruit de droits sociaux - Feodus<\/title>\n<meta name=\"robots\" content=\"index, follow, max-snippet:-1, max-image-preview:large, max-video-preview:-1\" \/>\n<link rel=\"canonical\" href=\"https:\/\/www.feodus-finance.fr\/defiscalisation\/cession-de-lusufruit-de-droits-sociaux\/\" \/>\n<meta property=\"og:locale\" content=\"fr_FR\" \/>\n<meta property=\"og:type\" content=\"article\" \/>\n<meta property=\"og:title\" content=\"Cession de l&#039;usufruit de droits sociaux - Feodus\" \/>\n<meta property=\"og:description\" content=\"Les droits d&#8217;enregistrement sont applicables aux cessions de participations dans des personnes morales \u00e0 pr\u00e9pond\u00e9rance immobili\u00e8re Cet article pr\u00e9voit que des droits d\u2019enregistrement sont applicables aux cessions de participations dans des personnes morales \u00e0 pr\u00e9pond\u00e9rance immobili\u00e8re. Cependant, cette disposition ne distingue pas les cessions de droits sociaux (c\u2019est-\u00e0-dire les cessions d\u2019une part sociale en pleine ... Lire plus\" \/>\n<meta property=\"og:url\" content=\"https:\/\/www.feodus-finance.fr\/defiscalisation\/cession-de-lusufruit-de-droits-sociaux\/\" \/>\n<meta property=\"og:site_name\" content=\"Feodus\" \/>\n<meta property=\"article:published_time\" content=\"2023-11-18T09:49:10+00:00\" \/>\n<meta property=\"article:modified_time\" content=\"2023-11-23T11:44:13+00:00\" \/>\n<meta property=\"og:image\" content=\"https:\/\/www.feodus-finance.fr\/defiscalisation\/wp-content\/uploads\/2023\/11\/23112.jpeg\" \/>\n\t<meta property=\"og:image:width\" content=\"609\" \/>\n\t<meta property=\"og:image:height\" content=\"920\" \/>\n\t<meta property=\"og:image:type\" content=\"image\/jpeg\" \/>\n<meta name=\"author\" content=\"Fr\u00e9d\u00e9ric Peyre\" \/>\n<meta name=\"twitter:card\" content=\"summary_large_image\" \/>\n<!-- \/ Yoast SEO plugin. -->","yoast_head_json":{"title":"Cession de l'usufruit de droits sociaux - Feodus","robots":{"index":"index","follow":"follow","max-snippet":"max-snippet:-1","max-image-preview":"max-image-preview:large","max-video-preview":"max-video-preview:-1"},"canonical":"https:\/\/www.feodus-finance.fr\/defiscalisation\/cession-de-lusufruit-de-droits-sociaux\/","og_locale":"fr_FR","og_type":"article","og_title":"Cession de l'usufruit de droits sociaux - Feodus","og_description":"Les droits d&#8217;enregistrement sont applicables aux cessions de participations dans des personnes morales \u00e0 pr\u00e9pond\u00e9rance immobili\u00e8re Cet article pr\u00e9voit que des droits d\u2019enregistrement sont applicables aux cessions de participations dans des personnes morales \u00e0 pr\u00e9pond\u00e9rance immobili\u00e8re. Cependant, cette disposition ne distingue pas les cessions de droits sociaux (c\u2019est-\u00e0-dire les cessions d\u2019une part sociale en pleine ... Lire plus","og_url":"https:\/\/www.feodus-finance.fr\/defiscalisation\/cession-de-lusufruit-de-droits-sociaux\/","og_site_name":"Feodus","article_published_time":"2023-11-18T09:49:10+00:00","article_modified_time":"2023-11-23T11:44:13+00:00","og_image":[{"width":609,"height":920,"url":"https:\/\/www.feodus-finance.fr\/defiscalisation\/wp-content\/uploads\/2023\/11\/23112.jpeg","type":"image\/jpeg"}],"author":"Fr\u00e9d\u00e9ric Peyre","twitter_card":"summary_large_image","schema":{"@context":"https:\/\/schema.org","@graph":[{"@type":"NewsArticle","@id":"https:\/\/www.feodus-finance.fr\/defiscalisation\/cession-de-lusufruit-de-droits-sociaux\/#article","isPartOf":{"@id":"https:\/\/www.feodus-finance.fr\/defiscalisation\/cession-de-lusufruit-de-droits-sociaux\/"},"author":{"name":"Fr\u00e9d\u00e9ric Peyre","@id":"https:\/\/www.feodus-finance.fr\/defiscalisation\/#\/schema\/person\/36443069585ecf2f182b3f03a6a1e241"},"headline":"Cession de l&#8217;usufruit de droits sociaux","datePublished":"2023-11-18T09:49:10+00:00","dateModified":"2023-11-23T11:44:13+00:00","mainEntityOfPage":{"@id":"https:\/\/www.feodus-finance.fr\/defiscalisation\/cession-de-lusufruit-de-droits-sociaux\/"},"wordCount":541,"commentCount":0,"publisher":{"@id":"https:\/\/www.feodus-finance.fr\/defiscalisation\/#organization"},"image":{"@id":"https:\/\/www.feodus-finance.fr\/defiscalisation\/cession-de-lusufruit-de-droits-sociaux\/#primaryimage"},"thumbnailUrl":"https:\/\/www.feodus-finance.fr\/defiscalisation\/wp-content\/uploads\/2023\/11\/23112.jpeg","articleSection":["Guides de la fiscalit\u00e9 des particuliers"],"inLanguage":"fr-FR","potentialAction":[{"@type":"CommentAction","name":"Comment","target":["https:\/\/www.feodus-finance.fr\/defiscalisation\/cession-de-lusufruit-de-droits-sociaux\/#respond"]}]},{"@type":"WebPage","@id":"https:\/\/www.feodus-finance.fr\/defiscalisation\/cession-de-lusufruit-de-droits-sociaux\/","url":"https:\/\/www.feodus-finance.fr\/defiscalisation\/cession-de-lusufruit-de-droits-sociaux\/","name":"Cession de l'usufruit de droits sociaux - Feodus","isPartOf":{"@id":"https:\/\/www.feodus-finance.fr\/defiscalisation\/#website"},"primaryImageOfPage":{"@id":"https:\/\/www.feodus-finance.fr\/defiscalisation\/cession-de-lusufruit-de-droits-sociaux\/#primaryimage"},"image":{"@id":"https:\/\/www.feodus-finance.fr\/defiscalisation\/cession-de-lusufruit-de-droits-sociaux\/#primaryimage"},"thumbnailUrl":"https:\/\/www.feodus-finance.fr\/defiscalisation\/wp-content\/uploads\/2023\/11\/23112.jpeg","datePublished":"2023-11-18T09:49:10+00:00","dateModified":"2023-11-23T11:44:13+00:00","breadcrumb":{"@id":"https:\/\/www.feodus-finance.fr\/defiscalisation\/cession-de-lusufruit-de-droits-sociaux\/#breadcrumb"},"inLanguage":"fr-FR","potentialAction":[{"@type":"ReadAction","target":["https:\/\/www.feodus-finance.fr\/defiscalisation\/cession-de-lusufruit-de-droits-sociaux\/"]}]},{"@type":"ImageObject","inLanguage":"fr-FR","@id":"https:\/\/www.feodus-finance.fr\/defiscalisation\/cession-de-lusufruit-de-droits-sociaux\/#primaryimage","url":"https:\/\/www.feodus-finance.fr\/defiscalisation\/wp-content\/uploads\/2023\/11\/23112.jpeg","contentUrl":"https:\/\/www.feodus-finance.fr\/defiscalisation\/wp-content\/uploads\/2023\/11\/23112.jpeg","width":609,"height":920,"caption":"Cession de l'usufruit"},{"@type":"BreadcrumbList","@id":"https:\/\/www.feodus-finance.fr\/defiscalisation\/cession-de-lusufruit-de-droits-sociaux\/#breadcrumb","itemListElement":[{"@type":"ListItem","position":1,"name":"Accueil","item":"https:\/\/www.feodus-finance.fr\/defiscalisation\/"},{"@type":"ListItem","position":2,"name":"Guides de la fiscalit\u00e9 des particuliers","item":"https:\/\/www.feodus-finance.fr\/defiscalisation\/dossier\/"},{"@type":"ListItem","position":3,"name":"Cession de l&rsquo;usufruit de droits sociaux"}]},{"@type":"WebSite","@id":"https:\/\/www.feodus-finance.fr\/defiscalisation\/#website","url":"https:\/\/www.feodus-finance.fr\/defiscalisation\/","name":"Feodus","description":"","publisher":{"@id":"https:\/\/www.feodus-finance.fr\/defiscalisation\/#organization"},"potentialAction":[{"@type":"SearchAction","target":{"@type":"EntryPoint","urlTemplate":"https:\/\/www.feodus-finance.fr\/defiscalisation\/?s={search_term_string}"},"query-input":{"@type":"PropertyValueSpecification","valueRequired":true,"valueName":"search_term_string"}}],"inLanguage":"fr-FR"},{"@type":"Organization","@id":"https:\/\/www.feodus-finance.fr\/defiscalisation\/#organization","name":"Feodus","url":"https:\/\/www.feodus-finance.fr\/defiscalisation\/","logo":{"@type":"ImageObject","inLanguage":"fr-FR","@id":"https:\/\/www.feodus-finance.fr\/defiscalisation\/#\/schema\/logo\/image\/","url":"https:\/\/www.feodus-finance.fr\/defiscalisation\/wp-content\/uploads\/2023\/11\/cropped-logo-footer.jpg","contentUrl":"https:\/\/www.feodus-finance.fr\/defiscalisation\/wp-content\/uploads\/2023\/11\/cropped-logo-footer.jpg","width":249,"height":73,"caption":"Feodus"},"image":{"@id":"https:\/\/www.feodus-finance.fr\/defiscalisation\/#\/schema\/logo\/image\/"}},{"@type":"Person","@id":"https:\/\/www.feodus-finance.fr\/defiscalisation\/#\/schema\/person\/36443069585ecf2f182b3f03a6a1e241","name":"Fr\u00e9d\u00e9ric Peyre","image":{"@type":"ImageObject","inLanguage":"fr-FR","@id":"https:\/\/www.feodus-finance.fr\/defiscalisation\/#\/schema\/person\/image\/","url":"https:\/\/www.feodus-finance.fr\/defiscalisation\/wp-content\/uploads\/2023\/11\/logo-96x96.jpg","contentUrl":"https:\/\/www.feodus-finance.fr\/defiscalisation\/wp-content\/uploads\/2023\/11\/logo-96x96.jpg","caption":"Fr\u00e9d\u00e9ric Peyre"},"description":"Fr\u00e9d\u00e9ric a commenc\u00e9 sa carri\u00e8re dans le milieu bancaire en 1984 avant de rapidement s\u2019orienter vers une activit\u00e9 d\u00e9di\u00e9e au courtage au sein d\u2019une grande Compagnie d\u2019Assurances, le GAN en 1991. Cette activit\u00e9 de distribution de contrats \u00ab vie \u00bb d\u00e9di\u00e9s \u00e0 une client\u00e8le de courtiers en assurances et gestionnaire de patrimoine lui a permis de se forger une r\u00e9putation de s\u00e9rieux en Rh\u00f4ne-Alpes ainsi qu\u2019une base de clients fid\u00e8les. En 1998 une grande soci\u00e9t\u00e9 am\u00e9ricaine de gestion d\u2019actifs, INVESCO, le recrute aux fins de promouvoir sa gestion et ses fonds aupr\u00e8s de clients gestionnaires de patrimoine ind\u00e9pendants et de couvrir un tiers du territoire Fran\u00e7ais. Il int\u00e8gre par la suite Edmond de Rothschild Asset Management en 2001 en tant que Fond\u00e9 de pouvoirs en charge des relations avec les conseillers en gestion de patrimoine ind\u00e9pendants pour une zone couvrant la moiti\u00e9 sud de la France. Il enseigne en parall\u00e8le \u00e0 Lyon III l\u2019\u00e9conomie et la finance dans le cursus Master Gestion de Patrimoine. En 2008, il cr\u00e9e sa propre soci\u00e9t\u00e9 de gestion d\u2019actifs \u00e0 Paris, qu\u2019il pr\u00e9side avant de choisir de la quitter en 2015 pour d\u00e9velopper le projet Feodus. Fr\u00e9d\u00e9ric dispose de tous les agr\u00e9ments n\u00e9cessaires aux m\u00e9tiers du conseil en gestion de patrimoine, s\u2019agissant de professions r\u00e9glement\u00e9es : il est Conseiller en Investissement Financier (CIF), Courtier en Op\u00e9rations de Banque &amp; Services de Paiement (COBSP), Courtier en Op\u00e9rations d\u2019Assurance (COA) et b\u00e9n\u00e9ficie de la carte professionnelle immobili\u00e8re pour les Transactions sur Immeubles &amp; Fonds de commerce.","url":"https:\/\/www.feodus-finance.fr\/defiscalisation\/author\/frederic-peyre\/"}]}},"_links":{"self":[{"href":"https:\/\/www.feodus-finance.fr\/defiscalisation\/wp-json\/wp\/v2\/posts\/1703","targetHints":{"allow":["GET"]}}],"collection":[{"href":"https:\/\/www.feodus-finance.fr\/defiscalisation\/wp-json\/wp\/v2\/posts"}],"about":[{"href":"https:\/\/www.feodus-finance.fr\/defiscalisation\/wp-json\/wp\/v2\/types\/post"}],"author":[{"embeddable":true,"href":"https:\/\/www.feodus-finance.fr\/defiscalisation\/wp-json\/wp\/v2\/users\/4"}],"replies":[{"embeddable":true,"href":"https:\/\/www.feodus-finance.fr\/defiscalisation\/wp-json\/wp\/v2\/comments?post=1703"}],"version-history":[{"count":1,"href":"https:\/\/www.feodus-finance.fr\/defiscalisation\/wp-json\/wp\/v2\/posts\/1703\/revisions"}],"predecessor-version":[{"id":1705,"href":"https:\/\/www.feodus-finance.fr\/defiscalisation\/wp-json\/wp\/v2\/posts\/1703\/revisions\/1705"}],"wp:featuredmedia":[{"embeddable":true,"href":"https:\/\/www.feodus-finance.fr\/defiscalisation\/wp-json\/wp\/v2\/media\/1704"}],"wp:attachment":[{"href":"https:\/\/www.feodus-finance.fr\/defiscalisation\/wp-json\/wp\/v2\/media?parent=1703"}],"wp:term":[{"taxonomy":"category","embeddable":true,"href":"https:\/\/www.feodus-finance.fr\/defiscalisation\/wp-json\/wp\/v2\/categories?post=1703"},{"taxonomy":"post_tag","embeddable":true,"href":"https:\/\/www.feodus-finance.fr\/defiscalisation\/wp-json\/wp\/v2\/tags?post=1703"}],"curies":[{"name":"wp","href":"https:\/\/api.w.org\/{rel}","templated":true}]}}