{"id":2794,"date":"2023-10-05T14:40:23","date_gmt":"2023-10-05T12:40:23","guid":{"rendered":"https:\/\/www.feodus-finance.fr\/defiscalisation\/?p=2794"},"modified":"2024-02-02T14:43:51","modified_gmt":"2024-02-02T13:43:51","slug":"en-bref-le-professionnel-de-sante-et-le-choix-de-son-mode-dexercice","status":"publish","type":"post","link":"https:\/\/www.feodus-finance.fr\/defiscalisation\/en-bref-le-professionnel-de-sante-et-le-choix-de-son-mode-dexercice\/","title":{"rendered":"En bref : le professionnel de sant\u00e9 et le choix de son mode d&#8217;exercice."},"content":{"rendered":"\n<div style=\"height:28px\" aria-hidden=\"true\" class=\"wp-block-spacer\"><\/div>\n\n\n\n<p>Un m\u00e9decin lib\u00e9ral peut tout \u00e0 fait choisir d&#8217;exercer son activit\u00e9 sous la forme d&#8217;une SEL (Soci\u00e9t\u00e9 d&#8217;Exercice Lib\u00e9ral). Cette forme juridique pr\u00e9sente plusieurs attraits, citons :<\/p>\n\n\n\n<p class=\"has-base-color has-accent-background-color has-text-color has-background has-link-color wp-elements-45cae5bd38b0631f37ef848e0da344e6\"><strong>Un r\u00e9gime fiscal de l\u2019imp\u00f4t sur les soci\u00e9t\u00e9s favorisant les investissements<\/strong><\/p>\n\n\n\n<p class=\"has-base-color has-accent-background-color has-text-color has-background has-link-color wp-elements-02c682216661c79fe9bd528773aa90ce\"><strong>Une R\u00e9mun\u00e9ration du travail (du capital) permettant de faire des \u00e9conomies en mati\u00e8re de charges sociales et d\u2019imp\u00f4ts <\/strong><\/p>\n\n\n\n<p class=\"has-base-color has-accent-background-color has-text-color has-background has-link-color wp-elements-702682426b1927f15ef900477216386d\"><strong> La cession de l\u2019actif professionnel \u00e0 la SEL permet de r\u00e9cup\u00e9rer une tr\u00e9sorerie par endettement de la SEL<\/strong><\/p>\n\n\n\n<p class=\"has-base-color has-accent-background-color has-text-color has-background has-link-color wp-elements-ad69b1ba2266bf9a88a14e8595023abf\"><strong>Une responsabilit\u00e9 limit\u00e9e au montant de l\u2019apport dans le capital<\/strong><\/p>\n\n\n\n<p class=\"has-base-color has-accent-background-color has-text-color has-background has-link-color wp-elements-21edae15350dc95a84e4ab31dc458c45\"><strong>La s\u00e9paration du patrimoine priv\u00e9 et professionnel<\/strong><\/p>\n\n\n\n<p class=\"has-base-color has-accent-background-color has-text-color has-background has-link-color wp-elements-c7789cc1cd8ad0508a32063ef7942c8f\"><strong>Une Structure favorisant l\u2019association et la transmission<\/strong><\/p>\n\n\n\n<p><\/p>\n\n\n<div class=\"gb-container gb-container-3323a8d4\"><div class=\"gb-inside-container\">\n\n<p>Le passage \u00e0 la SEL n\u00e9cessite de faire appel \u00e0 un professionnel de fa\u00e7on \u00e0 bien appr\u00e9hender tous les tenants et aboutissants, impliquant n\u00e9cessairement les avantages mais aussi les \u00e9ventuels inconv\u00e9nients.<\/p>\n\n<\/div><\/div>","protected":false},"excerpt":{"rendered":"<p>Un m\u00e9decin lib\u00e9ral peut tout \u00e0 fait choisir d&#8217;exercer son activit\u00e9 sous la forme d&#8217;une SEL (Soci\u00e9t\u00e9 d&#8217;Exercice Lib\u00e9ral). Cette forme juridique pr\u00e9sente plusieurs attraits, citons : Un r\u00e9gime fiscal de l\u2019imp\u00f4t sur les soci\u00e9t\u00e9s favorisant les investissements Une R\u00e9mun\u00e9ration du travail (du capital) permettant de faire des \u00e9conomies en mati\u00e8re de charges sociales et &#8230; <a title=\"En bref : le professionnel de sant\u00e9 et le choix de son mode d&#8217;exercice.\" class=\"read-more\" href=\"https:\/\/www.feodus-finance.fr\/defiscalisation\/en-bref-le-professionnel-de-sante-et-le-choix-de-son-mode-dexercice\/\" aria-label=\"En savoir plus sur En bref : le professionnel de sant\u00e9 et le choix de son mode d&#8217;exercice.\">Lire plus<\/a><\/p>\n","protected":false},"author":2,"featured_media":1976,"comment_status":"closed","ping_status":"closed","sticky":false,"template":"","format":"standard","meta":{"footnotes":""},"categories":[15,1],"tags":[],"class_list":["post-2794","post","type-post","status-publish","format-standard","has-post-thumbnail","hentry","category-dossier-entreprise","category-dossier","generate-columns","tablet-grid-50","mobile-grid-100","grid-parent","grid-33"],"yoast_head":"<!-- This site is optimized with the Yoast SEO plugin v24.6 - https:\/\/yoast.com\/wordpress\/plugins\/seo\/ -->\n<title>En bref : le professionnel de sant\u00e9 et le choix de son mode d&#039;exercice. - Feodus<\/title>\n<meta name=\"robots\" content=\"index, follow, max-snippet:-1, max-image-preview:large, max-video-preview:-1\" \/>\n<link rel=\"canonical\" href=\"https:\/\/www.feodus-finance.fr\/defiscalisation\/en-bref-le-professionnel-de-sante-et-le-choix-de-son-mode-dexercice\/\" \/>\n<meta property=\"og:locale\" content=\"fr_FR\" \/>\n<meta property=\"og:type\" content=\"article\" \/>\n<meta property=\"og:title\" content=\"En bref : le professionnel de sant\u00e9 et le choix de son mode d&#039;exercice. - Feodus\" \/>\n<meta property=\"og:description\" content=\"Un m\u00e9decin lib\u00e9ral peut tout \u00e0 fait choisir d&#8217;exercer son activit\u00e9 sous la forme d&#8217;une SEL (Soci\u00e9t\u00e9 d&#8217;Exercice Lib\u00e9ral). Cette forme juridique pr\u00e9sente plusieurs attraits, citons : Un r\u00e9gime fiscal de l\u2019imp\u00f4t sur les soci\u00e9t\u00e9s favorisant les investissements Une R\u00e9mun\u00e9ration du travail (du capital) permettant de faire des \u00e9conomies en mati\u00e8re de charges sociales et ... Lire plus\" \/>\n<meta property=\"og:url\" content=\"https:\/\/www.feodus-finance.fr\/defiscalisation\/en-bref-le-professionnel-de-sante-et-le-choix-de-son-mode-dexercice\/\" \/>\n<meta property=\"og:site_name\" content=\"Feodus\" \/>\n<meta property=\"article:published_time\" content=\"2023-10-05T12:40:23+00:00\" \/>\n<meta property=\"article:modified_time\" content=\"2024-02-02T13:43:51+00:00\" \/>\n<meta property=\"og:image\" content=\"https:\/\/www.feodus-finance.fr\/defiscalisation\/wp-content\/uploads\/2023\/11\/9755.jpeg\" \/>\n\t<meta property=\"og:image:width\" content=\"920\" \/>\n\t<meta property=\"og:image:height\" content=\"613\" \/>\n\t<meta property=\"og:image:type\" content=\"image\/jpeg\" \/>\n<meta name=\"author\" content=\"David Morisse\" \/>\n<meta name=\"twitter:card\" content=\"summary_large_image\" \/>\n<!-- \/ Yoast SEO plugin. -->","yoast_head_json":{"title":"En bref : le professionnel de sant\u00e9 et le choix de son mode d'exercice. - Feodus","robots":{"index":"index","follow":"follow","max-snippet":"max-snippet:-1","max-image-preview":"max-image-preview:large","max-video-preview":"max-video-preview:-1"},"canonical":"https:\/\/www.feodus-finance.fr\/defiscalisation\/en-bref-le-professionnel-de-sante-et-le-choix-de-son-mode-dexercice\/","og_locale":"fr_FR","og_type":"article","og_title":"En bref : le professionnel de sant\u00e9 et le choix de son mode d'exercice. - Feodus","og_description":"Un m\u00e9decin lib\u00e9ral peut tout \u00e0 fait choisir d&#8217;exercer son activit\u00e9 sous la forme d&#8217;une SEL (Soci\u00e9t\u00e9 d&#8217;Exercice Lib\u00e9ral). Cette forme juridique pr\u00e9sente plusieurs attraits, citons : Un r\u00e9gime fiscal de l\u2019imp\u00f4t sur les soci\u00e9t\u00e9s favorisant les investissements Une R\u00e9mun\u00e9ration du travail (du capital) permettant de faire des \u00e9conomies en mati\u00e8re de charges sociales et ... Lire plus","og_url":"https:\/\/www.feodus-finance.fr\/defiscalisation\/en-bref-le-professionnel-de-sante-et-le-choix-de-son-mode-dexercice\/","og_site_name":"Feodus","article_published_time":"2023-10-05T12:40:23+00:00","article_modified_time":"2024-02-02T13:43:51+00:00","og_image":[{"width":920,"height":613,"url":"https:\/\/www.feodus-finance.fr\/defiscalisation\/wp-content\/uploads\/2023\/11\/9755.jpeg","type":"image\/jpeg"}],"author":"David Morisse","twitter_card":"summary_large_image","schema":{"@context":"https:\/\/schema.org","@graph":[{"@type":"NewsArticle","@id":"https:\/\/www.feodus-finance.fr\/defiscalisation\/en-bref-le-professionnel-de-sante-et-le-choix-de-son-mode-dexercice\/#article","isPartOf":{"@id":"https:\/\/www.feodus-finance.fr\/defiscalisation\/en-bref-le-professionnel-de-sante-et-le-choix-de-son-mode-dexercice\/"},"author":{"name":"David Morisse","@id":"https:\/\/www.feodus-finance.fr\/defiscalisation\/#\/schema\/person\/273dc6922e4518849287534868045df0"},"headline":"En bref : le professionnel de sant\u00e9 et le choix de son mode d&#8217;exercice.","datePublished":"2023-10-05T12:40:23+00:00","dateModified":"2024-02-02T13:43:51+00:00","mainEntityOfPage":{"@id":"https:\/\/www.feodus-finance.fr\/defiscalisation\/en-bref-le-professionnel-de-sante-et-le-choix-de-son-mode-dexercice\/"},"wordCount":164,"publisher":{"@id":"https:\/\/www.feodus-finance.fr\/defiscalisation\/#organization"},"image":{"@id":"https:\/\/www.feodus-finance.fr\/defiscalisation\/en-bref-le-professionnel-de-sante-et-le-choix-de-son-mode-dexercice\/#primaryimage"},"thumbnailUrl":"https:\/\/www.feodus-finance.fr\/defiscalisation\/wp-content\/uploads\/2023\/11\/9755.jpeg","articleSection":["Guides de la fiscalit\u00e9 des entreprises","Guides de la fiscalit\u00e9 des particuliers"],"inLanguage":"fr-FR"},{"@type":"WebPage","@id":"https:\/\/www.feodus-finance.fr\/defiscalisation\/en-bref-le-professionnel-de-sante-et-le-choix-de-son-mode-dexercice\/","url":"https:\/\/www.feodus-finance.fr\/defiscalisation\/en-bref-le-professionnel-de-sante-et-le-choix-de-son-mode-dexercice\/","name":"En bref : le professionnel de sant\u00e9 et le choix de son mode d'exercice. - Feodus","isPartOf":{"@id":"https:\/\/www.feodus-finance.fr\/defiscalisation\/#website"},"primaryImageOfPage":{"@id":"https:\/\/www.feodus-finance.fr\/defiscalisation\/en-bref-le-professionnel-de-sante-et-le-choix-de-son-mode-dexercice\/#primaryimage"},"image":{"@id":"https:\/\/www.feodus-finance.fr\/defiscalisation\/en-bref-le-professionnel-de-sante-et-le-choix-de-son-mode-dexercice\/#primaryimage"},"thumbnailUrl":"https:\/\/www.feodus-finance.fr\/defiscalisation\/wp-content\/uploads\/2023\/11\/9755.jpeg","datePublished":"2023-10-05T12:40:23+00:00","dateModified":"2024-02-02T13:43:51+00:00","breadcrumb":{"@id":"https:\/\/www.feodus-finance.fr\/defiscalisation\/en-bref-le-professionnel-de-sante-et-le-choix-de-son-mode-dexercice\/#breadcrumb"},"inLanguage":"fr-FR","potentialAction":[{"@type":"ReadAction","target":["https:\/\/www.feodus-finance.fr\/defiscalisation\/en-bref-le-professionnel-de-sante-et-le-choix-de-son-mode-dexercice\/"]}]},{"@type":"ImageObject","inLanguage":"fr-FR","@id":"https:\/\/www.feodus-finance.fr\/defiscalisation\/en-bref-le-professionnel-de-sante-et-le-choix-de-son-mode-dexercice\/#primaryimage","url":"https:\/\/www.feodus-finance.fr\/defiscalisation\/wp-content\/uploads\/2023\/11\/9755.jpeg","contentUrl":"https:\/\/www.feodus-finance.fr\/defiscalisation\/wp-content\/uploads\/2023\/11\/9755.jpeg","width":920,"height":613,"caption":"Cumul emploi retraite"},{"@type":"BreadcrumbList","@id":"https:\/\/www.feodus-finance.fr\/defiscalisation\/en-bref-le-professionnel-de-sante-et-le-choix-de-son-mode-dexercice\/#breadcrumb","itemListElement":[{"@type":"ListItem","position":1,"name":"Accueil","item":"https:\/\/www.feodus-finance.fr\/defiscalisation\/"},{"@type":"ListItem","position":2,"name":"Guides de la fiscalit\u00e9 des entreprises","item":"https:\/\/www.feodus-finance.fr\/defiscalisation\/dossier-entreprise\/"},{"@type":"ListItem","position":3,"name":"En bref : le professionnel de sant\u00e9 et le choix de son mode d&#8217;exercice."}]},{"@type":"WebSite","@id":"https:\/\/www.feodus-finance.fr\/defiscalisation\/#website","url":"https:\/\/www.feodus-finance.fr\/defiscalisation\/","name":"Feodus","description":"","publisher":{"@id":"https:\/\/www.feodus-finance.fr\/defiscalisation\/#organization"},"potentialAction":[{"@type":"SearchAction","target":{"@type":"EntryPoint","urlTemplate":"https:\/\/www.feodus-finance.fr\/defiscalisation\/?s={search_term_string}"},"query-input":{"@type":"PropertyValueSpecification","valueRequired":true,"valueName":"search_term_string"}}],"inLanguage":"fr-FR"},{"@type":"Organization","@id":"https:\/\/www.feodus-finance.fr\/defiscalisation\/#organization","name":"Feodus","url":"https:\/\/www.feodus-finance.fr\/defiscalisation\/","logo":{"@type":"ImageObject","inLanguage":"fr-FR","@id":"https:\/\/www.feodus-finance.fr\/defiscalisation\/#\/schema\/logo\/image\/","url":"https:\/\/www.feodus-finance.fr\/defiscalisation\/wp-content\/uploads\/2023\/11\/cropped-logo-footer.jpg","contentUrl":"https:\/\/www.feodus-finance.fr\/defiscalisation\/wp-content\/uploads\/2023\/11\/cropped-logo-footer.jpg","width":249,"height":73,"caption":"Feodus"},"image":{"@id":"https:\/\/www.feodus-finance.fr\/defiscalisation\/#\/schema\/logo\/image\/"}},{"@type":"Person","@id":"https:\/\/www.feodus-finance.fr\/defiscalisation\/#\/schema\/person\/273dc6922e4518849287534868045df0","name":"David Morisse","image":{"@type":"ImageObject","inLanguage":"fr-FR","@id":"https:\/\/www.feodus-finance.fr\/defiscalisation\/#\/schema\/person\/image\/","url":"https:\/\/www.feodus-finance.fr\/defiscalisation\/wp-content\/uploads\/2023\/11\/logo-96x96.jpg","contentUrl":"https:\/\/www.feodus-finance.fr\/defiscalisation\/wp-content\/uploads\/2023\/11\/logo-96x96.jpg","caption":"David Morisse"},"description":"David a une exp\u00e9rience d\u2019une vingtaine d\u2019ann\u00e9es dans le milieu bancaire et financier. Dipl\u00f4m\u00e9 d\u2019une Ecole Sup\u00e9rieure de Commerce, avec une sp\u00e9cialisation en Finance, il a exerc\u00e9 plusieurs m\u00e9tiers au sein de la banque anglo-saxonne HSBC, plus sp\u00e9cifiquement dans les divisions Banque d\u2019investissement &amp; de march\u00e9 - Corporate Investment Banking &amp; Markets (CIBM). Un parcours pluridisciplinaire, qui l\u2019a conduit sur des fonctions commerciales (Relationship management sur des portefeuilles de grande client\u00e8le institutionnelle \u00e0 l\u2019international), de management, d\u2019analyse financi\u00e8re, de finance et de contr\u00f4le de gestion en passant par des mandats de cr\u00e9ation de d\u00e9partement et de gouvernance de projet de rationalisation. David dispose de tous les agr\u00e9ments n\u00e9cessaires aux m\u00e9tiers du conseil en gestion de patrimoine, s\u2019agissant de professions r\u00e9glement\u00e9es : il est Conseiller en Investissement Financier (CIF), Courtier en Op\u00e9rations de Banque &amp; Services de Paiement (COBSP), Courtier en Op\u00e9rations d\u2019Assurance (COA) et b\u00e9n\u00e9ficie de la carte professionnelle immobili\u00e8re pour les Transactions sur Immeubles &amp; Fonds de commerce.","url":"https:\/\/www.feodus-finance.fr\/defiscalisation\/author\/david-morisse\/"}]}},"_links":{"self":[{"href":"https:\/\/www.feodus-finance.fr\/defiscalisation\/wp-json\/wp\/v2\/posts\/2794","targetHints":{"allow":["GET"]}}],"collection":[{"href":"https:\/\/www.feodus-finance.fr\/defiscalisation\/wp-json\/wp\/v2\/posts"}],"about":[{"href":"https:\/\/www.feodus-finance.fr\/defiscalisation\/wp-json\/wp\/v2\/types\/post"}],"author":[{"embeddable":true,"href":"https:\/\/www.feodus-finance.fr\/defiscalisation\/wp-json\/wp\/v2\/users\/2"}],"replies":[{"embeddable":true,"href":"https:\/\/www.feodus-finance.fr\/defiscalisation\/wp-json\/wp\/v2\/comments?post=2794"}],"version-history":[{"count":2,"href":"https:\/\/www.feodus-finance.fr\/defiscalisation\/wp-json\/wp\/v2\/posts\/2794\/revisions"}],"predecessor-version":[{"id":2796,"href":"https:\/\/www.feodus-finance.fr\/defiscalisation\/wp-json\/wp\/v2\/posts\/2794\/revisions\/2796"}],"wp:featuredmedia":[{"embeddable":true,"href":"https:\/\/www.feodus-finance.fr\/defiscalisation\/wp-json\/wp\/v2\/media\/1976"}],"wp:attachment":[{"href":"https:\/\/www.feodus-finance.fr\/defiscalisation\/wp-json\/wp\/v2\/media?parent=2794"}],"wp:term":[{"taxonomy":"category","embeddable":true,"href":"https:\/\/www.feodus-finance.fr\/defiscalisation\/wp-json\/wp\/v2\/categories?post=2794"},{"taxonomy":"post_tag","embeddable":true,"href":"https:\/\/www.feodus-finance.fr\/defiscalisation\/wp-json\/wp\/v2\/tags?post=2794"}],"curies":[{"name":"wp","href":"https:\/\/api.w.org\/{rel}","templated":true}]}}