{"id":3546,"date":"2026-01-06T08:58:03","date_gmt":"2026-01-06T07:58:03","guid":{"rendered":"https:\/\/www.feodus-finance.fr\/defiscalisation\/?p=3546"},"modified":"2026-01-06T08:58:35","modified_gmt":"2026-01-06T07:58:35","slug":"plan-epargne-retraite-per","status":"publish","type":"post","link":"https:\/\/www.feodus-finance.fr\/defiscalisation\/plan-epargne-retraite-per\/","title":{"rendered":"Plan d\u2019\u00c9pargne Retraite (PER) : le guide complet pour optimiser votre fiscalit\u00e9 et vos revenus futurs"},"content":{"rendered":"\n<p class=\"has-medium-font-size\"><br>Cr\u00e9\u00e9 par la loi PACTE, le PER regroupe les anciens produits (PERP, Madelin, article 83\u2026). C\u2019est l\u2019enveloppe cl\u00e9 pour pr\u00e9parer la retraite avec un levier fiscal puissant, des options de sortie flexibles et la possibilit\u00e9 de transf\u00e9rer vos anciens contrats.<\/p>\n\n\n\n<p><\/p>\n\n\n\n<ol class=\"wp-block-list\">\n<li><a href=\"#definition-per\">Qu\u2019est-ce que le PER ?<\/a><\/li>\n\n\n\n<li><a href=\"#types-per\">Les 3 compartiments du PER<\/a><\/li>\n\n\n\n<li><a href=\"#avantages-fiscaux\">Avantages fiscaux : comment fonctionne la d\u00e9duction ?<\/a><\/li>\n\n\n\n<li><a href=\"#versements-plafonds\">Versements &amp; plafonds<\/a><\/li>\n\n\n\n<li><a href=\"#sortie\">Sorties : capital, rente, mix &amp; cas de d\u00e9blocage<\/a><\/li>\n\n\n\n<li><a href=\"#transferts\">Transferts d\u2019anciens contrats<\/a><\/li>\n\n\n\n<li><a href=\"#frais\">Frais &amp; points de vigilance<\/a><\/li>\n\n\n\n<li><a href=\"#per-vs\">PER vs Assurance-vie vs PEA<\/a><\/li>\n\n\n\n<li><a href=\"#strategies\">Strat\u00e9gies selon votre profil<\/a><\/li>\n\n\n\n<li><a href=\"#faq\">FAQ<\/a><\/li>\n<\/ol>\n\n\n\n<h2 class=\"wp-block-heading has-base-2-color has-accent-background-color has-text-color has-background has-link-color wp-elements-75262e47f4a9bfa909a34e6e02a91c1d\">Qu\u2019est-ce que le PER ?<\/h2>\n\n\n\n<p>Le <strong>Plan d\u2019\u00c9pargne Retraite (PER)<\/strong> est une enveloppe d\u00e9di\u00e9e \u00e0 la constitution d\u2019un capital en vue de la retraite. Il permet d\u2019investir sur des supports financiers (fonds euros, OPCVM, unit\u00e9s de compte, ETF, immobilier papier\u2026) avec un cadre fiscal sp\u00e9cifique et des options de sortie \u00e0 l\u2019\u00e9ch\u00e9ance (rente, capital ou combinaison).<\/p>\n\n\n\n<p>Objectif : transformer des <em>revenus d\u2019activit\u00e9 fortement tax\u00e9s aujourd\u2019hui<\/em> en <em>revenus compl\u00e9mentaires mieux ma\u00eetris\u00e9s<\/em> \u00e0 la retraite.<\/p>\n\n\n\n<h2 class=\"wp-block-heading has-base-2-color has-accent-background-color has-text-color has-background has-link-color wp-elements-743d9c648a112be4a7361a4ec4cec9bc\">Les 3 compartiments du PER<\/h2>\n\n\n\n<h3 class=\"wp-block-heading\">PER individuel (PERin)<\/h3>\n\n\n\n<p>Ouvert \u00e0 tous (salari\u00e9s, TNS, ind\u00e9pendants). Versements volontaires, libres ou programm\u00e9s. C\u2019est l\u2019outil le plus fr\u00e9quent en conseil patrimonial.<\/p>\n\n\n\n<h3 class=\"wp-block-heading\">PER d\u2019entreprise collectif (PERE-CO)<\/h3>\n\n\n\n<p>Aliment\u00e9 par \u00e9pargne salariale (int\u00e9ressement, participation, abondements). Avantages sociaux\/fiscaux sp\u00e9cifiques pour l\u2019employeur et le salari\u00e9.<\/p>\n\n\n\n<h3 class=\"wp-block-heading\">PER d\u2019entreprise obligatoire (PERE-OB)<\/h3>\n\n\n\n<p>Aliment\u00e9 par des versements obligatoires (employeur\/salari\u00e9). R\u00e8gles de sortie proches mais contraintes de cotisation.<\/p>\n\n\n\n<h2 class=\"wp-block-heading has-base-2-color has-accent-background-color has-text-color has-background has-link-color wp-elements-e148a31bc0726bb3fb374469e83523ba\">Avantages fiscaux : comment fonctionne la d\u00e9duction ?<\/h2>\n\n\n\n<p>Les <strong>versements volontaires<\/strong> sur un PER <strong>peuvent \u00eatre d\u00e9duits<\/strong> du revenu imposable dans la limite de <em>plafonds fiscaux<\/em> personnels (mutualisables au sein d\u2019un foyer fiscal dans certaines limites). La d\u00e9duction est particuli\u00e8rement int\u00e9ressante si votre TMI est \u00e9lev\u00e9.<\/p>\n\n\n\n<ul class=\"wp-block-list\">\n<li>+ Vous <strong>\u00e9conomisez l\u2019imp\u00f4t<\/strong> l\u2019ann\u00e9e du versement (effet imm\u00e9diat).<\/li>\n\n\n\n<li>\u00b1 En contrepartie, <strong>la fiscalit\u00e9 s\u2019applique \u00e0 la sortie<\/strong> (voir la section \u00ab Sorties \u00bb).<\/li>\n\n\n\n<li>Si vous <strong>renoncez<\/strong> \u00e0 la d\u00e9duction, la sortie en capital sera all\u00e9g\u00e9e (capital non impos\u00e9, seuls les gains sont tax\u00e9s).<\/li>\n<\/ul>\n\n\n\n<p><em>Rappel<\/em> : l\u2019\u00e9conomie d\u2019imp\u00f4t <strong>n\u2019est pas<\/strong> un rendement. Le gain d\u00e9pend de votre TMI au versement et de votre imposition \u00e0 la retraite.<\/p>\n\n\n\n<h2 class=\"wp-block-heading has-base-2-color has-accent-background-color has-text-color has-background has-link-color wp-elements-d7f612d186b55498e3d9c380db3dfc27\">Versements &amp; plafonds<\/h2>\n\n\n\n<p>Chaque contribuable dispose d\u2019un <strong>plafond retraite<\/strong> (visible sur l\u2019avis d\u2019imposition). Il d\u00e9pend notamment de vos revenus professionnels et d\u2019un pourcentage plafonn\u00e9 par le plafond annuel de la S\u00e9curit\u00e9 sociale (PASS). Les <strong>TNS\/ind\u00e9pendants<\/strong> b\u00e9n\u00e9ficient de r\u00e8gles sp\u00e9cifiques plus favorables (ex-Madelin, d\u00e9sormais int\u00e9gr\u00e9es).<\/p>\n\n\n\n<ul class=\"wp-block-list\">\n<li>Versements libres ou programm\u00e9s (mensuels, trimestriels\u2026).<\/li>\n\n\n\n<li>Possibilit\u00e9 de <strong>utiliser le reliquat<\/strong> non consomm\u00e9 des ann\u00e9es ant\u00e9rieures (report).<\/li>\n\n\n\n<li>Plafonds <strong>mutualisables<\/strong> au sein d\u2019un couple mari\u00e9\/PACS (sous conditions).<\/li>\n<\/ul>\n\n\n\n<h2 class=\"wp-block-heading has-base-2-color has-accent-background-color has-text-color has-background has-link-color wp-elements-0e513cff4761efe740b71955a3db1bc4\">Sorties : capital, rente, mix &amp; cas de d\u00e9blocage<\/h2>\n\n\n\n<h3 class=\"wp-block-heading\">\u00c0 la retraite<\/h3>\n\n\n\n<ul class=\"wp-block-list\">\n<li><strong>Capital<\/strong> en une ou plusieurs fois :\n<ul class=\"wp-block-list\">\n<li>Si les versements ont \u00e9t\u00e9 d\u00e9duits : la part \u00ab capital d\u2019origine \u00bb est impos\u00e9e au bar\u00e8me de l\u2019IR, les <em>gains<\/em> au PFU (pr\u00e9l\u00e8vements forfaitaires + sociaux) ou au bar\u00e8me sur option.<\/li>\n\n\n\n<li>Si les versements ont \u00e9t\u00e9 non d\u00e9duits : le capital d\u2019origine est <strong>non impos\u00e9<\/strong>, seuls les gains sont tax\u00e9s (PFU ou bar\u00e8me).<\/li>\n<\/ul>\n<\/li>\n\n\n\n<li><strong>Rente viag\u00e8re<\/strong> : impos\u00e9e comme une pension (abattement de 10% dans la limite l\u00e9gale) + pr\u00e9l\u00e8vements sociaux.<\/li>\n\n\n\n<li><strong>Mix<\/strong> : combinaison de capital et rente.<\/li>\n<\/ul>\n\n\n\n<h3 class=\"wp-block-heading\">Avant la retraite : d\u00e9blocage anticip\u00e9<\/h3>\n\n\n\n<p>Cas autoris\u00e9s par la loi (liste limitative), notamment : <em>acquisition de la r\u00e9sidence principale<\/em>, invalidit\u00e9 (du titulaire, du conjoint\/partenaire PACS ou d\u2019un enfant), d\u00e9c\u00e8s du conjoint\/partenaire, expiration des droits au ch\u00f4mage, surendettement, cessation d\u2019activit\u00e9 non salari\u00e9e \u00e0 la suite d\u2019une liquidation judiciaire\u2026 Chaque cas a un traitement fiscal\/social sp\u00e9cifique.<\/p>\n\n\n\n<h2 class=\"wp-block-heading has-base-2-color has-accent-background-color has-text-color has-background has-link-color wp-elements-0b8a367199431f7f1ec15eee1413c7ba\">Transferts d\u2019anciens contrats<\/h2>\n\n\n\n<p>Depuis la loi PACTE, vous pouvez <strong>transf\u00e9rer<\/strong> vers un PER : PERP, Madelin, Pr\u00e9fon, CRH, PERCO, \u00ab article 83 \u00bb, ou encore <em>PER vers PER<\/em>. Les frais de transfert sont encadr\u00e9s et limit\u00e9s, voire nuls apr\u00e8s un certain nombre d\u2019ann\u00e9es. Un audit pr\u00e9alable permet d\u2019arbitrer : conserver l\u2019ancien contrat (garanties\/frais historiques) ou migrer pour b\u00e9n\u00e9ficier de <em>fonds plus modernes<\/em>, de frais potentiellement plus bas et d\u2019une sortie plus flexible.<\/p>\n\n\n\n<h2 class=\"wp-block-heading has-base-2-color has-accent-background-color has-text-color has-background has-link-color wp-elements-3faf71f519ba275493c46c78e97c9f7e\">Frais &amp; points de vigilance<\/h2>\n\n\n\n<h3 class=\"wp-block-heading\">Frais courants possibles<\/h3>\n\n\n\n<ul class=\"wp-block-list\">\n<li>Frais sur versements (n\u00e9gociables), frais de gestion <em>en euros<\/em> et <em>sur unit\u00e9s de compte<\/em>.<\/li>\n\n\n\n<li>Frais d\u2019arbitrage, frais de rente, frais de transfert (plafonn\u00e9s).<\/li>\n\n\n\n<li>Frais des supports (OPC\/ETF\/SCPI\/OPCI\/Private Equity).<\/li>\n<\/ul>\n\n\n\n<h3 class=\"wp-block-heading\">Vigilance<\/h3>\n\n\n\n<ul class=\"wp-block-list\">\n<li>Adequation du risque (profilage) : horizon, volatilit\u00e9, capacit\u00e9 de perte.<\/li>\n\n\n\n<li>Qualit\u00e9 de la <em>gestion pilot\u00e9e<\/em> vs gestion libre.<\/li>\n\n\n\n<li>Fiscalit\u00e9 de sortie selon choix \u00ab d\u00e9duit \/ non d\u00e9duit \u00bb.<\/li>\n\n\n\n<li>Transparence commissions \/ r\u00e9trocessions (devoir de conseil CIF).<\/li>\n<\/ul>\n\n\n\n<h2 class=\"wp-block-heading has-base-2-color has-accent-background-color has-text-color has-background has-link-color wp-elements-85a5fae43e11e99d18478b7a2ed0e2e5\">PER vs Assurance-vie vs PEA<\/h2>\n\n\n\n<figure class=\"wp-block-table\"><table class=\"has-fixed-layout\"><thead><tr><th>Crit\u00e8re<\/th><th>PER<\/th><th>Assurance-vie<\/th><th>PEA<\/th><\/tr><\/thead><tbody><tr><td>Avantage \u00e0 l\u2019entr\u00e9e<\/td><td><strong>D\u00e9duction fiscale possible<\/strong> (plafonds)<\/td><td>Pas de d\u00e9duction (sauf cas sp\u00e9cifiques)<\/td><td>Pas de d\u00e9duction<\/td><\/tr><tr><td>Disponibilit\u00e9<\/td><td>Bloqu\u00e9 jusqu\u2019\u00e0 la retraite (sauf cas anticip\u00e9s)<\/td><td>Disponible (fiscalit\u00e9 apr\u00e8s 8 ans optimis\u00e9e)<\/td><td>Disponible (retenue sur gains si rachat)<\/td><\/tr><tr><td>Sortie<\/td><td>Capital, rente, ou mix<\/td><td>Capital uniquement (rachats libres \/ rente possible via options)<\/td><td>Capital (dividendes &amp; plus-values exon\u00e9r\u00e9s d\u2019IR apr\u00e8s 5 ans sous conditions, PS dus)<\/td><\/tr><tr><td>Profil id\u00e9al<\/td><td>TMI \u00e9lev\u00e9 aujourd\u2019hui, horizon long, objectif revenus retraite<\/td><td>\u00c9pargne flexible, transmission, gestion de tr\u00e9sorerie perso<\/td><td>Investisseur actions UE, qu\u00eate d\u2019exon\u00e9ration sur long terme<\/td><\/tr><\/tbody><\/table><\/figure>\n\n\n\n<h2 class=\"wp-block-heading has-base-2-color has-accent-background-color has-text-color has-background has-link-color wp-elements-12e06071ab4ed3d60406577aef06627c\">Strat\u00e9gies selon votre profil<\/h2>\n\n\n\n<h3 class=\"wp-block-heading\">Cadres TMI \u00e9lev\u00e9<\/h3>\n\n\n\n<p>Verser en fin d\u2019ann\u00e9e pour optimiser l\u2019IR, d\u00e9duire <em>au maximum du plafond<\/em>, investir sur une allocation dynamique puis s\u00e9curiser \u00e0 l\u2019approche de la retraite.<\/p>\n\n\n\n<h3 class=\"wp-block-heading\">Ind\u00e9pendants \/ TNS<\/h3>\n\n\n\n<p>Profiter des <em>plafonds sp\u00e9cifiques<\/em> plus g\u00e9n\u00e9reux, lisser les versements pour optimiser ann\u00e9e apr\u00e8s ann\u00e9e selon le r\u00e9sultat.<\/p>\n\n\n\n<h3 class=\"wp-block-heading\">Jeunes actifs<\/h3>\n\n\n\n<p>Versements modestes mais r\u00e9guliers, investir plut\u00f4t en unit\u00e9s de compte (horizon long), arbitrer sur le choix \u00ab d\u00e9duit \/ non d\u00e9duit \u00bb selon TMI actuel vs attendu \u00e0 la retraite.<\/p>\n\n\n\n<p><strong>Conseil :<\/strong> le choix \u00ab d\u00e9duit ou non d\u00e9duit \u00bb se mod\u00e9lise. Nous r\u00e9alisons des <em>simulations net d\u2019imp\u00f4ts et de pr\u00e9l\u00e8vements sociaux<\/em> pour objectiver la meilleure option.<\/p>\n\n\n\n<h2 class=\"wp-block-heading has-base-2-color has-accent-background-color has-text-color has-background has-link-color wp-elements-8fbf047078c105300b9a008392236731\">Pourquoi nous faire confiance ?<\/h2>\n\n\n\n<h3 class=\"wp-block-heading\">Notre m\u00e9thodologie<\/h3>\n\n\n\n<p>Diagnostic retraite, calcul de droits estim\u00e9s, projection de revenus, stress tests (inflation, volatilit\u00e9, long\u00e9vit\u00e9), strat\u00e9gie d\u2019allocation et suivi annuel.<\/p>\n\n\n\n<h3 class=\"wp-block-heading\">Transparence<\/h3>\n\n\n\n<p>Lettre de mission, rapport de mission, politique de s\u00e9lection des supports claire et document\u00e9e.<\/p>\n\n\n\n<p>Information non contractuelle : ce guide ne remplace pas un conseil personnalis\u00e9. Les r\u00e8gles fiscales peuvent \u00e9voluer.<\/p>\n\n\n\n<h2 class=\"wp-block-heading has-base-2-color has-accent-background-color has-text-color has-background has-link-color wp-elements-02f694e55049d4996d76484a252e043d\">FAQ \u2014 Plan d\u2019\u00c9pargne Retraite (PER)<\/h2>\n\n\n\n<p>Le PER est-il toujours int\u00e9ressant si mon TMI est faible ?<\/p>\n\n\n\n<p>Oui, mais l\u2019int\u00e9r\u00eat est moindre. Vous pouvez renoncer \u00e0 la d\u00e9duction pour all\u00e9ger la fiscalit\u00e9 \u00e0 la sortie (capital non impos\u00e9, seuls les gains sont tax\u00e9s). Puis-je d\u00e9bloquer mon PER pour acheter ma r\u00e9sidence principale ?<\/p>\n\n\n\n<p>Oui, l\u2019achat de la r\u00e9sidence principale est un cas de d\u00e9blocage anticip\u00e9 autoris\u00e9, avec une fiscalit\u00e9 sp\u00e9cifique sur les gains. Quelle diff\u00e9rence entre PERin et Assurance-vie ?<\/p>\n\n\n\n<p>Le PER offre la d\u00e9duction \u00e0 l\u2019entr\u00e9e (plafonds), mais est moins liquide. L\u2019Assurance-vie est plus flexible, avantageuse \u00e0 long terme pour la transmission et les rachats apr\u00e8s 8 ans. Puis-je transf\u00e9rer mon ancien Madelin\/Perp vers un PER ?<\/p>\n\n\n\n<p>Oui. Les transferts sont possibles et encadr\u00e9s. Un audit s\u2019impose pour comparer frais, garanties, options de sortie et supports d\u2019investissement. Capital ou rente : que choisir ?<\/p>\n\n\n\n<p>Tout d\u00e9pend de votre besoin de revenus garantis, de votre TMI \u00e0 la retraite et de votre esp\u00e9rance de vie. Un mix capital + rente est souvent pertinent.<\/p>\n","protected":false},"excerpt":{"rendered":"<p>Cr\u00e9\u00e9 par la loi PACTE, le PER regroupe les anciens produits (PERP, Madelin, article 83\u2026). C\u2019est l\u2019enveloppe cl\u00e9 pour pr\u00e9parer la retraite avec un levier fiscal puissant, des options de sortie flexibles et la possibilit\u00e9 de transf\u00e9rer vos anciens contrats. Qu\u2019est-ce que le PER ? Le Plan d\u2019\u00c9pargne Retraite (PER) est une enveloppe d\u00e9di\u00e9e \u00e0 &#8230; <a title=\"Plan d\u2019\u00c9pargne Retraite (PER) : le guide complet pour optimiser votre fiscalit\u00e9 et vos revenus futurs\" class=\"read-more\" href=\"https:\/\/www.feodus-finance.fr\/defiscalisation\/plan-epargne-retraite-per\/\" aria-label=\"En savoir plus sur Plan d\u2019\u00c9pargne Retraite (PER) : le guide complet pour optimiser votre fiscalit\u00e9 et vos revenus futurs\">Lire plus<\/a><\/p>\n","protected":false},"author":3,"featured_media":3005,"comment_status":"closed","ping_status":"closed","sticky":false,"template":"","format":"standard","meta":{"footnotes":""},"categories":[1],"tags":[304,221,310,309,305,308,307,306],"class_list":["post-3546","post","type-post","status-publish","format-standard","has-post-thumbnail","hentry","category-dossier","tag-deduction-fiscale-per","tag-per","tag-per-tns","tag-plafond-per","tag-plan-epargne-retraite-2","tag-rente-per","tag-sortie-capital-per","tag-transfert-per","generate-columns","tablet-grid-50","mobile-grid-100","grid-parent","grid-33"],"yoast_head":"<!-- This site is optimized with the Yoast SEO plugin v24.6 - https:\/\/yoast.com\/wordpress\/plugins\/seo\/ -->\n<title>Plan d\u2019\u00c9pargne Retraite (PER) : le guide complet pour optimiser votre fiscalit\u00e9 et vos revenus futurs - Feodus<\/title>\n<meta name=\"description\" content=\"Tout savoir sur le Plan d\u2019\u00c9pargne Retraite (PER) : avantages fiscaux, versements, sorties (capital\/rente), transferts et strat\u00e9gies selon votre profil\" \/>\n<meta name=\"robots\" content=\"index, follow, max-snippet:-1, max-image-preview:large, max-video-preview:-1\" \/>\n<link rel=\"canonical\" href=\"https:\/\/www.feodus-finance.fr\/defiscalisation\/plan-epargne-retraite-per\/\" \/>\n<meta property=\"og:locale\" content=\"fr_FR\" \/>\n<meta property=\"og:type\" content=\"article\" \/>\n<meta property=\"og:title\" content=\"Plan d\u2019\u00c9pargne Retraite (PER) : le guide complet pour optimiser votre fiscalit\u00e9 et vos revenus futurs - Feodus\" \/>\n<meta property=\"og:description\" content=\"Tout savoir sur le Plan d\u2019\u00c9pargne Retraite (PER) : avantages fiscaux, versements, sorties (capital\/rente), transferts et strat\u00e9gies selon votre profil\" \/>\n<meta property=\"og:url\" content=\"https:\/\/www.feodus-finance.fr\/defiscalisation\/plan-epargne-retraite-per\/\" \/>\n<meta property=\"og:site_name\" content=\"Feodus\" \/>\n<meta property=\"article:published_time\" content=\"2026-01-06T07:58:03+00:00\" \/>\n<meta property=\"article:modified_time\" content=\"2026-01-06T07:58:35+00:00\" \/>\n<meta property=\"og:image\" content=\"https:\/\/www.feodus-finance.fr\/defiscalisation\/wp-content\/uploads\/2024\/02\/transition.jpg\" \/>\n\t<meta property=\"og:image:width\" content=\"1920\" \/>\n\t<meta property=\"og:image:height\" content=\"1280\" \/>\n\t<meta property=\"og:image:type\" content=\"image\/jpeg\" \/>\n<meta name=\"author\" content=\"La R\u00e9daction\" \/>\n<meta name=\"twitter:card\" content=\"summary_large_image\" \/>\n<!-- \/ Yoast SEO plugin. -->","yoast_head_json":{"title":"Plan d\u2019\u00c9pargne Retraite (PER) : le guide complet pour optimiser votre fiscalit\u00e9 et vos revenus futurs - Feodus","description":"Tout savoir sur le Plan d\u2019\u00c9pargne Retraite (PER) : avantages fiscaux, versements, sorties (capital\/rente), transferts et strat\u00e9gies selon votre profil","robots":{"index":"index","follow":"follow","max-snippet":"max-snippet:-1","max-image-preview":"max-image-preview:large","max-video-preview":"max-video-preview:-1"},"canonical":"https:\/\/www.feodus-finance.fr\/defiscalisation\/plan-epargne-retraite-per\/","og_locale":"fr_FR","og_type":"article","og_title":"Plan d\u2019\u00c9pargne Retraite (PER) : le guide complet pour optimiser votre fiscalit\u00e9 et vos revenus futurs - Feodus","og_description":"Tout savoir sur le Plan d\u2019\u00c9pargne Retraite (PER) : avantages fiscaux, versements, sorties (capital\/rente), transferts et strat\u00e9gies selon votre profil","og_url":"https:\/\/www.feodus-finance.fr\/defiscalisation\/plan-epargne-retraite-per\/","og_site_name":"Feodus","article_published_time":"2026-01-06T07:58:03+00:00","article_modified_time":"2026-01-06T07:58:35+00:00","og_image":[{"width":1920,"height":1280,"url":"https:\/\/www.feodus-finance.fr\/defiscalisation\/wp-content\/uploads\/2024\/02\/transition.jpg","type":"image\/jpeg"}],"author":"La R\u00e9daction","twitter_card":"summary_large_image","schema":{"@context":"https:\/\/schema.org","@graph":[{"@type":"NewsArticle","@id":"https:\/\/www.feodus-finance.fr\/defiscalisation\/plan-epargne-retraite-per\/#article","isPartOf":{"@id":"https:\/\/www.feodus-finance.fr\/defiscalisation\/plan-epargne-retraite-per\/"},"author":{"name":"La R\u00e9daction","@id":"https:\/\/www.feodus-finance.fr\/defiscalisation\/#\/schema\/person\/5ca9be76021ba500a028eef9d2aa4c82"},"headline":"Plan d\u2019\u00c9pargne Retraite (PER) : le guide complet pour optimiser votre fiscalit\u00e9 et vos revenus futurs","datePublished":"2026-01-06T07:58:03+00:00","dateModified":"2026-01-06T07:58:35+00:00","mainEntityOfPage":{"@id":"https:\/\/www.feodus-finance.fr\/defiscalisation\/plan-epargne-retraite-per\/"},"wordCount":1305,"publisher":{"@id":"https:\/\/www.feodus-finance.fr\/defiscalisation\/#organization"},"image":{"@id":"https:\/\/www.feodus-finance.fr\/defiscalisation\/plan-epargne-retraite-per\/#primaryimage"},"thumbnailUrl":"https:\/\/www.feodus-finance.fr\/defiscalisation\/wp-content\/uploads\/2024\/02\/transition.jpg","keywords":["d\u00e9duction fiscale PER","PER","PER TNS","plafond PER","plan \u00e9pargne retraite","rente PER","sortie capital PER","transfert PER"],"articleSection":["Guides de la fiscalit\u00e9 des particuliers"],"inLanguage":"fr-FR"},{"@type":"WebPage","@id":"https:\/\/www.feodus-finance.fr\/defiscalisation\/plan-epargne-retraite-per\/","url":"https:\/\/www.feodus-finance.fr\/defiscalisation\/plan-epargne-retraite-per\/","name":"Plan d\u2019\u00c9pargne Retraite (PER) : le guide complet pour optimiser votre fiscalit\u00e9 et vos revenus futurs - Feodus","isPartOf":{"@id":"https:\/\/www.feodus-finance.fr\/defiscalisation\/#website"},"primaryImageOfPage":{"@id":"https:\/\/www.feodus-finance.fr\/defiscalisation\/plan-epargne-retraite-per\/#primaryimage"},"image":{"@id":"https:\/\/www.feodus-finance.fr\/defiscalisation\/plan-epargne-retraite-per\/#primaryimage"},"thumbnailUrl":"https:\/\/www.feodus-finance.fr\/defiscalisation\/wp-content\/uploads\/2024\/02\/transition.jpg","datePublished":"2026-01-06T07:58:03+00:00","dateModified":"2026-01-06T07:58:35+00:00","description":"Tout savoir sur le Plan d\u2019\u00c9pargne Retraite (PER) : avantages fiscaux, versements, sorties (capital\/rente), transferts et strat\u00e9gies selon votre profil","breadcrumb":{"@id":"https:\/\/www.feodus-finance.fr\/defiscalisation\/plan-epargne-retraite-per\/#breadcrumb"},"inLanguage":"fr-FR","potentialAction":[{"@type":"ReadAction","target":["https:\/\/www.feodus-finance.fr\/defiscalisation\/plan-epargne-retraite-per\/"]}]},{"@type":"ImageObject","inLanguage":"fr-FR","@id":"https:\/\/www.feodus-finance.fr\/defiscalisation\/plan-epargne-retraite-per\/#primaryimage","url":"https:\/\/www.feodus-finance.fr\/defiscalisation\/wp-content\/uploads\/2024\/02\/transition.jpg","contentUrl":"https:\/\/www.feodus-finance.fr\/defiscalisation\/wp-content\/uploads\/2024\/02\/transition.jpg","width":1920,"height":1280},{"@type":"BreadcrumbList","@id":"https:\/\/www.feodus-finance.fr\/defiscalisation\/plan-epargne-retraite-per\/#breadcrumb","itemListElement":[{"@type":"ListItem","position":1,"name":"Accueil","item":"https:\/\/www.feodus-finance.fr\/defiscalisation\/"},{"@type":"ListItem","position":2,"name":"Guides de la fiscalit\u00e9 des particuliers","item":"https:\/\/www.feodus-finance.fr\/defiscalisation\/dossier\/"},{"@type":"ListItem","position":3,"name":"Plan d\u2019\u00c9pargne Retraite (PER) : le guide complet pour optimiser votre fiscalit\u00e9 et vos revenus futurs"}]},{"@type":"WebSite","@id":"https:\/\/www.feodus-finance.fr\/defiscalisation\/#website","url":"https:\/\/www.feodus-finance.fr\/defiscalisation\/","name":"Feodus","description":"","publisher":{"@id":"https:\/\/www.feodus-finance.fr\/defiscalisation\/#organization"},"potentialAction":[{"@type":"SearchAction","target":{"@type":"EntryPoint","urlTemplate":"https:\/\/www.feodus-finance.fr\/defiscalisation\/?s={search_term_string}"},"query-input":{"@type":"PropertyValueSpecification","valueRequired":true,"valueName":"search_term_string"}}],"inLanguage":"fr-FR"},{"@type":"Organization","@id":"https:\/\/www.feodus-finance.fr\/defiscalisation\/#organization","name":"Feodus","url":"https:\/\/www.feodus-finance.fr\/defiscalisation\/","logo":{"@type":"ImageObject","inLanguage":"fr-FR","@id":"https:\/\/www.feodus-finance.fr\/defiscalisation\/#\/schema\/logo\/image\/","url":"https:\/\/www.feodus-finance.fr\/defiscalisation\/wp-content\/uploads\/2023\/11\/cropped-logo-footer.jpg","contentUrl":"https:\/\/www.feodus-finance.fr\/defiscalisation\/wp-content\/uploads\/2023\/11\/cropped-logo-footer.jpg","width":249,"height":73,"caption":"Feodus"},"image":{"@id":"https:\/\/www.feodus-finance.fr\/defiscalisation\/#\/schema\/logo\/image\/"}},{"@type":"Person","@id":"https:\/\/www.feodus-finance.fr\/defiscalisation\/#\/schema\/person\/5ca9be76021ba500a028eef9d2aa4c82","name":"La R\u00e9daction","image":{"@type":"ImageObject","inLanguage":"fr-FR","@id":"https:\/\/www.feodus-finance.fr\/defiscalisation\/#\/schema\/person\/image\/","url":"https:\/\/www.feodus-finance.fr\/defiscalisation\/wp-content\/uploads\/2023\/11\/cropped-logo-96x96.jpg","contentUrl":"https:\/\/www.feodus-finance.fr\/defiscalisation\/wp-content\/uploads\/2023\/11\/cropped-logo-96x96.jpg","caption":"La R\u00e9daction"},"description":"Notre \u00e9quipe de r\u00e9daction s'efforce constamment de partager des analyses approfondies, des conseils pratiques et des perspectives innovantes sur les march\u00e9s financiers, les investissements et les tendances \u00e9conomiques.","url":"https:\/\/www.feodus-finance.fr\/defiscalisation\/author\/redaction\/"}]}},"_links":{"self":[{"href":"https:\/\/www.feodus-finance.fr\/defiscalisation\/wp-json\/wp\/v2\/posts\/3546","targetHints":{"allow":["GET"]}}],"collection":[{"href":"https:\/\/www.feodus-finance.fr\/defiscalisation\/wp-json\/wp\/v2\/posts"}],"about":[{"href":"https:\/\/www.feodus-finance.fr\/defiscalisation\/wp-json\/wp\/v2\/types\/post"}],"author":[{"embeddable":true,"href":"https:\/\/www.feodus-finance.fr\/defiscalisation\/wp-json\/wp\/v2\/users\/3"}],"replies":[{"embeddable":true,"href":"https:\/\/www.feodus-finance.fr\/defiscalisation\/wp-json\/wp\/v2\/comments?post=3546"}],"version-history":[{"count":3,"href":"https:\/\/www.feodus-finance.fr\/defiscalisation\/wp-json\/wp\/v2\/posts\/3546\/revisions"}],"predecessor-version":[{"id":3550,"href":"https:\/\/www.feodus-finance.fr\/defiscalisation\/wp-json\/wp\/v2\/posts\/3546\/revisions\/3550"}],"wp:featuredmedia":[{"embeddable":true,"href":"https:\/\/www.feodus-finance.fr\/defiscalisation\/wp-json\/wp\/v2\/media\/3005"}],"wp:attachment":[{"href":"https:\/\/www.feodus-finance.fr\/defiscalisation\/wp-json\/wp\/v2\/media?parent=3546"}],"wp:term":[{"taxonomy":"category","embeddable":true,"href":"https:\/\/www.feodus-finance.fr\/defiscalisation\/wp-json\/wp\/v2\/categories?post=3546"},{"taxonomy":"post_tag","embeddable":true,"href":"https:\/\/www.feodus-finance.fr\/defiscalisation\/wp-json\/wp\/v2\/tags?post=3546"}],"curies":[{"name":"wp","href":"https:\/\/api.w.org\/{rel}","templated":true}]}}