{"id":3565,"date":"2026-01-08T18:59:03","date_gmt":"2026-01-08T17:59:03","guid":{"rendered":"https:\/\/www.feodus-finance.fr\/defiscalisation\/?p=3565"},"modified":"2026-01-08T18:59:51","modified_gmt":"2026-01-08T17:59:51","slug":"collecte-nette-assurance-vie-2025-chiffres-analyse","status":"publish","type":"post","link":"https:\/\/www.feodus-finance.fr\/defiscalisation\/collecte-nette-assurance-vie-2025-chiffres-analyse\/","title":{"rendered":"Bilan de collecte en assurance vie sur 2025 : chiffres cl\u00e9s et analyse"},"content":{"rendered":"\n<p class=\"has-medium-font-size\">Le march\u00e9 de l\u2019<strong>assurance vie<\/strong> a sign\u00e9 une <strong>ann\u00e9e 2025 tr\u00e8s dynamique<\/strong>, port\u00e9e par des <strong>cotisations en hausse<\/strong>, des <strong>prestations en baisse<\/strong> (donc moins de sorties), et une <strong>collecte nette nettement positive<\/strong>.<\/p>\n\n\n\n<h2 class=\"wp-block-heading has-base-2-color has-accent-background-color has-text-color has-background has-link-color wp-elements-1c3083f28cc2c7c7de69e874c455de58\">Les chiffres cl\u00e9s de la collecte en 2025                                                                                     <\/h2>\n\n\n\n<h3 class=\"wp-block-heading\">Tableau r\u00e9capitulatif<\/h3>\n\n\n\n<figure class=\"wp-block-table\"><table class=\"has-fixed-layout\"><thead><tr><th>Indicateur<\/th><th>Niveau (janv.-nov. 2025)<\/th><th>\u00c9volution<\/th><\/tr><\/thead><tbody><tr><td><strong>Cotisations (versements)<\/strong><\/td><td><strong>176,0 Md\u20ac<\/strong><\/td><td><strong>+9%<\/strong> vs 11 mois 2024<\/td><\/tr><tr><td><strong>Prestations (sorties)<\/strong><\/td><td><strong>126,5 Md\u20ac<\/strong><\/td><td><strong>-5%<\/strong><\/td><\/tr><tr><td><strong>Collecte nette<\/strong><\/td><td><strong>+49,4 Md\u20ac<\/strong><\/td><td><strong>+21,8 Md\u20ac<\/strong> vs 11 mois 2024<\/td><\/tr><tr><td><strong>Collecte nette fonds euros<\/strong><\/td><td><strong>+10,0 Md\u20ac<\/strong><\/td><td>positive<\/td><\/tr><tr><td><strong>Collecte nette unit\u00e9s de compte (UC)<\/strong><\/td><td><strong>+39,5 Md\u20ac<\/strong><\/td><td>moteur principal<\/td><\/tr><tr><td><strong>Encours total<\/strong> (fin nov. 2025)<\/td><td><strong>2 106 Md\u20ac<\/strong><\/td><td><strong>+6,3%<\/strong> sur 1 an<\/td><\/tr><\/tbody><\/table><\/figure>\n\n\n\n<p>Ces chiffres montrent une <strong>acc\u00e9l\u00e9ration<\/strong> de la collecte nette en 2025, avec un couple \u201cversements en hausse \/ sorties en baisse\u201d particuli\u00e8rement favorable.<\/p>\n\n\n\n<h2 class=\"wp-block-heading has-base-2-color has-accent-background-color has-text-color has-background has-link-color wp-elements-a597ca838de53ea3e2f955d1026bb884\">Novembre 2025 : un mois record qui r\u00e9sume bien l\u2019ann\u00e9e<\/h2>\n\n\n\n<p>Le mois de <strong>novembre 2025<\/strong> illustre la tendance 2025 :<\/p>\n\n\n\n<ul class=\"wp-block-list\">\n<li><strong>Cotisations<\/strong> : <strong>15,7 Md\u20ac<\/strong> (plus haut niveau pour un mois de novembre)<\/li>\n\n\n\n<li><strong>Collecte nette<\/strong> : <strong>+4,8 Md\u20ac<\/strong>, dont <strong>+3,4 Md\u20ac en UC<\/strong> et <strong>+1,4 Md\u20ac en euros<\/strong><\/li>\n\n\n\n<li><strong>Encours<\/strong> : <strong>2 106 Md\u20ac<\/strong> fin novembre<\/li>\n<\/ul>\n\n\n\n<p>En clair : l\u2019assurance vie termine 2025 (au moins sur 11 mois) sur un rythme \u00e9lev\u00e9, avec une collecte nette redevenue significative <strong>sur les deux piliers<\/strong> (fonds euros + UC).<\/p>\n\n\n\n<h2 class=\"wp-block-heading has-base-2-color has-accent-background-color has-text-color has-background has-link-color wp-elements-5e1a9d7c87fc8afbaffca0393147c204\">Fonds en euros vs unit\u00e9s de compte : qui porte la collecte en 2025 ?<\/h2>\n\n\n\n<h3 class=\"wp-block-heading\">-> Les unit\u00e9s de compte (UC) restent le moteur<\/h3>\n\n\n\n<p>Sur janvier-novembre 2025, les <strong>UC repr\u00e9sentent l\u2019essentiel de la collecte nette<\/strong> (+39,5 Md\u20ac). <br>C\u2019est coh\u00e9rent avec :<\/p>\n\n\n\n<ul class=\"wp-block-list\">\n<li>l\u2019app\u00e9tit pour la diversification (actions, immobilier, obligataire via supports UC),<\/li>\n\n\n\n<li>des arbitrages plus fr\u00e9quents en faveur des UC observ\u00e9s par le superviseur. <\/li>\n<\/ul>\n\n\n\n<h3 class=\"wp-block-heading\">-> Les fonds en euros reviennent aussi en positif<\/h3>\n\n\n\n<p>Point marquant : les <strong>fonds euros<\/strong> contribuent <strong>positivement<\/strong> \u00e0 la collecte nette (+10,0 Md\u20ac sur 11 mois). <br>L\u2019ACPR souligne que les flux 2025 sont soutenus par des <strong>taux de revalorisation attractifs<\/strong> (euros et UC) et par un niveau d\u2019\u00e9pargne financi\u00e8re des m\u00e9nages \u00e9lev\u00e9.<\/p>\n\n\n\n<h2 class=\"wp-block-heading has-base-2-color has-accent-background-color has-text-color has-background has-link-color wp-elements-7df5b94b3a820616f84b76ebdbd9507f\">Pourquoi la collecte d\u2019assurance vie a autant progress\u00e9 en 2025 ?<\/h2>\n\n\n\n<h3 class=\"wp-block-heading\">-> Moins de rachats = plus de collecte nette<\/h3>\n\n\n\n<p>Au <strong>1er semestre 2025<\/strong>, l\u2019ACPR observe une baisse marqu\u00e9e des rachats (sorties), ce qui am\u00e9liore m\u00e9caniquement la collecte nette :<\/p>\n\n\n\n<ul class=\"wp-block-list\">\n<li><strong>collecte brute record<\/strong> sur le semestre : <strong>84,7 Md\u20ac<\/strong><\/li>\n\n\n\n<li><strong>collecte nette<\/strong> : <strong>25,2 Md\u20ac<\/strong> sur le semestre (au-dessus du total annuel 2024) <\/li>\n<\/ul>\n\n\n\n<h3 class=\"wp-block-heading\">-> Concurrence des livrets r\u00e9glement\u00e9s moins forte en 2025<\/h3>\n\n\n\n<p>Le <strong>taux du Livret A<\/strong> a \u00e9t\u00e9 <strong>abaiss\u00e9 \u00e0 1,7% au 1er ao\u00fbt 2025<\/strong> (contre 2,4% entre f\u00e9vrier et juillet 2025). <br>Quand les livrets baissent, l\u2019assurance vie (fonds euros + UC) redevient souvent plus comp\u00e9titive pour une partie des \u00e9pargnants, notamment ceux qui visent le moyen\/long terme.<\/p>\n\n\n\n<h3 class=\"wp-block-heading\">-> Un produit \u201ccouteau suisse\u201d pour \u00e9pargner et investir<\/h3>\n\n\n\n<p>En p\u00e9riode d\u2019incertitude, l\u2019assurance vie b\u00e9n\u00e9ficie :<\/p>\n\n\n\n<ul class=\"wp-block-list\">\n<li>de sa <strong>souplesse<\/strong> (versements, rachats, arbitrages),<\/li>\n\n\n\n<li>de son <strong>cadre fiscal<\/strong> (anciennet\u00e9, transmission),<\/li>\n\n\n\n<li>de son r\u00f4le d\u2019outil d\u2019allocation (euros \/ UC).<br>Et c\u00f4t\u00e9 \u00e9conomie, France Assureurs rappelle une allocation importante vers le financement des entreprises et des obligations souveraines.<\/li>\n<\/ul>\n\n\n\n<h2 class=\"wp-block-heading has-base-2-color has-accent-background-color has-text-color has-background has-link-color wp-elements-d38be6c230d5f1927d3aee86f3611415\">Encours de l\u2019assurance vie fin 2025 : o\u00f9 en est-on ?<\/h2>\n\n\n\n<p>\u00c0 <strong>fin novembre 2025<\/strong>, l\u2019encours atteint <strong>2 106 Md\u20ac<\/strong>, en hausse de <strong>+6,3% sur un an<\/strong>. <\/p>\n\n\n\n<p><br>Ce niveau confirme que l\u2019assurance vie reste <strong>le placement financier pr\u00e9f\u00e9r\u00e9<\/strong> des Fran\u00e7ais en encours, avec une progression aliment\u00e9e \u00e0 la fois par :<\/p>\n\n\n\n<ul class=\"wp-block-list\">\n<li>la collecte nette,<\/li>\n\n\n\n<li>et la valorisation des actifs (notamment sur certains supports UC).<\/li>\n<\/ul>\n\n\n\n<p><\/p>\n","protected":false},"excerpt":{"rendered":"<p>Le march\u00e9 de l\u2019assurance vie a sign\u00e9 une ann\u00e9e 2025 tr\u00e8s dynamique, port\u00e9e par des cotisations en hausse, des prestations en baisse (donc moins de sorties), et une collecte nette nettement positive. Les chiffres cl\u00e9s de la collecte en 2025 Tableau r\u00e9capitulatif Indicateur Niveau (janv.-nov. 2025) \u00c9volution Cotisations (versements) 176,0 Md\u20ac +9% vs 11 mois &#8230; <a title=\"Bilan de collecte en assurance vie sur 2025 : chiffres cl\u00e9s et analyse\" class=\"read-more\" href=\"https:\/\/www.feodus-finance.fr\/defiscalisation\/collecte-nette-assurance-vie-2025-chiffres-analyse\/\" aria-label=\"En savoir plus sur Bilan de collecte en assurance vie sur 2025 : chiffres cl\u00e9s et analyse\">Lire plus<\/a><\/p>\n","protected":false},"author":3,"featured_media":1755,"comment_status":"closed","ping_status":"closed","sticky":false,"template":"","format":"standard","meta":{"footnotes":""},"categories":[14],"tags":[341,333,334,335,336,338,337,340,339],"class_list":["post-3565","post","type-post","status-publish","format-standard","has-post-thumbnail","hentry","category-actualite-de-la-finance","tag-bilan-assurance-vie-france","tag-collecte-assurance-vie-2025","tag-collecte-nette-assurance-vie","tag-cotisations-assurance-vie","tag-encours-assurance-vie","tag-fonds-en-euros-2025","tag-france-assureurs-2025","tag-rachats-assurance-vie","tag-unites-de-compte-2025","generate-columns","tablet-grid-50","mobile-grid-100","grid-parent","grid-33"],"yoast_head":"<!-- This site is optimized with the Yoast SEO plugin v24.6 - https:\/\/yoast.com\/wordpress\/plugins\/seo\/ -->\n<title>Bilan de collecte en assurance vie sur 2025 : chiffres cl\u00e9s et analyse - Feodus<\/title>\n<meta name=\"robots\" content=\"index, follow, max-snippet:-1, max-image-preview:large, max-video-preview:-1\" \/>\n<link rel=\"canonical\" href=\"https:\/\/www.feodus-finance.fr\/defiscalisation\/collecte-nette-assurance-vie-2025-chiffres-analyse\/\" \/>\n<meta property=\"og:locale\" content=\"fr_FR\" \/>\n<meta property=\"og:type\" content=\"article\" \/>\n<meta property=\"og:title\" content=\"Bilan de collecte en assurance vie sur 2025 : chiffres cl\u00e9s et analyse - Feodus\" \/>\n<meta property=\"og:description\" content=\"Le march\u00e9 de l\u2019assurance vie a sign\u00e9 une ann\u00e9e 2025 tr\u00e8s dynamique, port\u00e9e par des cotisations en hausse, des prestations en baisse (donc moins de sorties), et une collecte nette nettement positive. Les chiffres cl\u00e9s de la collecte en 2025 Tableau r\u00e9capitulatif Indicateur Niveau (janv.-nov. 2025) \u00c9volution Cotisations (versements) 176,0 Md\u20ac +9% vs 11 mois ... Lire plus\" \/>\n<meta property=\"og:url\" content=\"https:\/\/www.feodus-finance.fr\/defiscalisation\/collecte-nette-assurance-vie-2025-chiffres-analyse\/\" \/>\n<meta property=\"og:site_name\" content=\"Feodus\" \/>\n<meta property=\"article:published_time\" content=\"2026-01-08T17:59:03+00:00\" \/>\n<meta property=\"article:modified_time\" content=\"2026-01-08T17:59:51+00:00\" \/>\n<meta property=\"og:image\" content=\"https:\/\/www.feodus-finance.fr\/defiscalisation\/wp-content\/uploads\/2023\/11\/6914-1.jpeg\" \/>\n\t<meta property=\"og:image:width\" content=\"920\" \/>\n\t<meta property=\"og:image:height\" content=\"613\" \/>\n\t<meta property=\"og:image:type\" content=\"image\/jpeg\" \/>\n<meta name=\"author\" content=\"La R\u00e9daction\" \/>\n<meta name=\"twitter:card\" content=\"summary_large_image\" \/>\n<!-- \/ Yoast SEO plugin. -->","yoast_head_json":{"title":"Bilan de collecte en assurance vie sur 2025 : chiffres cl\u00e9s et analyse - Feodus","robots":{"index":"index","follow":"follow","max-snippet":"max-snippet:-1","max-image-preview":"max-image-preview:large","max-video-preview":"max-video-preview:-1"},"canonical":"https:\/\/www.feodus-finance.fr\/defiscalisation\/collecte-nette-assurance-vie-2025-chiffres-analyse\/","og_locale":"fr_FR","og_type":"article","og_title":"Bilan de collecte en assurance vie sur 2025 : chiffres cl\u00e9s et analyse - Feodus","og_description":"Le march\u00e9 de l\u2019assurance vie a sign\u00e9 une ann\u00e9e 2025 tr\u00e8s dynamique, port\u00e9e par des cotisations en hausse, des prestations en baisse (donc moins de sorties), et une collecte nette nettement positive. Les chiffres cl\u00e9s de la collecte en 2025 Tableau r\u00e9capitulatif Indicateur Niveau (janv.-nov. 2025) \u00c9volution Cotisations (versements) 176,0 Md\u20ac +9% vs 11 mois ... Lire plus","og_url":"https:\/\/www.feodus-finance.fr\/defiscalisation\/collecte-nette-assurance-vie-2025-chiffres-analyse\/","og_site_name":"Feodus","article_published_time":"2026-01-08T17:59:03+00:00","article_modified_time":"2026-01-08T17:59:51+00:00","og_image":[{"width":920,"height":613,"url":"https:\/\/www.feodus-finance.fr\/defiscalisation\/wp-content\/uploads\/2023\/11\/6914-1.jpeg","type":"image\/jpeg"}],"author":"La R\u00e9daction","twitter_card":"summary_large_image","schema":{"@context":"https:\/\/schema.org","@graph":[{"@type":"NewsArticle","@id":"https:\/\/www.feodus-finance.fr\/defiscalisation\/collecte-nette-assurance-vie-2025-chiffres-analyse\/#article","isPartOf":{"@id":"https:\/\/www.feodus-finance.fr\/defiscalisation\/collecte-nette-assurance-vie-2025-chiffres-analyse\/"},"author":{"name":"La R\u00e9daction","@id":"https:\/\/www.feodus-finance.fr\/defiscalisation\/#\/schema\/person\/5ca9be76021ba500a028eef9d2aa4c82"},"headline":"Bilan de collecte en assurance vie sur 2025 : chiffres cl\u00e9s et analyse","datePublished":"2026-01-08T17:59:03+00:00","dateModified":"2026-01-08T17:59:51+00:00","mainEntityOfPage":{"@id":"https:\/\/www.feodus-finance.fr\/defiscalisation\/collecte-nette-assurance-vie-2025-chiffres-analyse\/"},"wordCount":548,"publisher":{"@id":"https:\/\/www.feodus-finance.fr\/defiscalisation\/#organization"},"image":{"@id":"https:\/\/www.feodus-finance.fr\/defiscalisation\/collecte-nette-assurance-vie-2025-chiffres-analyse\/#primaryimage"},"thumbnailUrl":"https:\/\/www.feodus-finance.fr\/defiscalisation\/wp-content\/uploads\/2023\/11\/6914-1.jpeg","keywords":["bilan assurance vie France.","collecte assurance vie 2025","collecte nette assurance vie","cotisations assurance vie","encours assurance vie","fonds en euros 2025","France Assureurs 2025","rachats assurance vie","unit\u00e9s de compte 2025"],"articleSection":["L'actualit\u00e9 de la finance"],"inLanguage":"fr-FR"},{"@type":"WebPage","@id":"https:\/\/www.feodus-finance.fr\/defiscalisation\/collecte-nette-assurance-vie-2025-chiffres-analyse\/","url":"https:\/\/www.feodus-finance.fr\/defiscalisation\/collecte-nette-assurance-vie-2025-chiffres-analyse\/","name":"Bilan de collecte en assurance vie sur 2025 : chiffres cl\u00e9s et analyse - Feodus","isPartOf":{"@id":"https:\/\/www.feodus-finance.fr\/defiscalisation\/#website"},"primaryImageOfPage":{"@id":"https:\/\/www.feodus-finance.fr\/defiscalisation\/collecte-nette-assurance-vie-2025-chiffres-analyse\/#primaryimage"},"image":{"@id":"https:\/\/www.feodus-finance.fr\/defiscalisation\/collecte-nette-assurance-vie-2025-chiffres-analyse\/#primaryimage"},"thumbnailUrl":"https:\/\/www.feodus-finance.fr\/defiscalisation\/wp-content\/uploads\/2023\/11\/6914-1.jpeg","datePublished":"2026-01-08T17:59:03+00:00","dateModified":"2026-01-08T17:59:51+00:00","breadcrumb":{"@id":"https:\/\/www.feodus-finance.fr\/defiscalisation\/collecte-nette-assurance-vie-2025-chiffres-analyse\/#breadcrumb"},"inLanguage":"fr-FR","potentialAction":[{"@type":"ReadAction","target":["https:\/\/www.feodus-finance.fr\/defiscalisation\/collecte-nette-assurance-vie-2025-chiffres-analyse\/"]}]},{"@type":"ImageObject","inLanguage":"fr-FR","@id":"https:\/\/www.feodus-finance.fr\/defiscalisation\/collecte-nette-assurance-vie-2025-chiffres-analyse\/#primaryimage","url":"https:\/\/www.feodus-finance.fr\/defiscalisation\/wp-content\/uploads\/2023\/11\/6914-1.jpeg","contentUrl":"https:\/\/www.feodus-finance.fr\/defiscalisation\/wp-content\/uploads\/2023\/11\/6914-1.jpeg","width":920,"height":613,"caption":"Droits de donation"},{"@type":"BreadcrumbList","@id":"https:\/\/www.feodus-finance.fr\/defiscalisation\/collecte-nette-assurance-vie-2025-chiffres-analyse\/#breadcrumb","itemListElement":[{"@type":"ListItem","position":1,"name":"Accueil","item":"https:\/\/www.feodus-finance.fr\/defiscalisation\/"},{"@type":"ListItem","position":2,"name":"L'actualit\u00e9 de la finance","item":"https:\/\/www.feodus-finance.fr\/defiscalisation\/actualite-de-la-finance\/"},{"@type":"ListItem","position":3,"name":"Bilan de collecte en assurance vie sur 2025 : chiffres cl\u00e9s et analyse"}]},{"@type":"WebSite","@id":"https:\/\/www.feodus-finance.fr\/defiscalisation\/#website","url":"https:\/\/www.feodus-finance.fr\/defiscalisation\/","name":"Feodus","description":"","publisher":{"@id":"https:\/\/www.feodus-finance.fr\/defiscalisation\/#organization"},"potentialAction":[{"@type":"SearchAction","target":{"@type":"EntryPoint","urlTemplate":"https:\/\/www.feodus-finance.fr\/defiscalisation\/?s={search_term_string}"},"query-input":{"@type":"PropertyValueSpecification","valueRequired":true,"valueName":"search_term_string"}}],"inLanguage":"fr-FR"},{"@type":"Organization","@id":"https:\/\/www.feodus-finance.fr\/defiscalisation\/#organization","name":"Feodus","url":"https:\/\/www.feodus-finance.fr\/defiscalisation\/","logo":{"@type":"ImageObject","inLanguage":"fr-FR","@id":"https:\/\/www.feodus-finance.fr\/defiscalisation\/#\/schema\/logo\/image\/","url":"https:\/\/www.feodus-finance.fr\/defiscalisation\/wp-content\/uploads\/2023\/11\/cropped-logo-footer.jpg","contentUrl":"https:\/\/www.feodus-finance.fr\/defiscalisation\/wp-content\/uploads\/2023\/11\/cropped-logo-footer.jpg","width":249,"height":73,"caption":"Feodus"},"image":{"@id":"https:\/\/www.feodus-finance.fr\/defiscalisation\/#\/schema\/logo\/image\/"}},{"@type":"Person","@id":"https:\/\/www.feodus-finance.fr\/defiscalisation\/#\/schema\/person\/5ca9be76021ba500a028eef9d2aa4c82","name":"La R\u00e9daction","image":{"@type":"ImageObject","inLanguage":"fr-FR","@id":"https:\/\/www.feodus-finance.fr\/defiscalisation\/#\/schema\/person\/image\/","url":"https:\/\/www.feodus-finance.fr\/defiscalisation\/wp-content\/uploads\/2023\/11\/cropped-logo-96x96.jpg","contentUrl":"https:\/\/www.feodus-finance.fr\/defiscalisation\/wp-content\/uploads\/2023\/11\/cropped-logo-96x96.jpg","caption":"La R\u00e9daction"},"description":"Notre \u00e9quipe de r\u00e9daction s'efforce constamment de partager des analyses approfondies, des conseils pratiques et des perspectives innovantes sur les march\u00e9s financiers, les investissements et les tendances \u00e9conomiques.","url":"https:\/\/www.feodus-finance.fr\/defiscalisation\/author\/redaction\/"}]}},"_links":{"self":[{"href":"https:\/\/www.feodus-finance.fr\/defiscalisation\/wp-json\/wp\/v2\/posts\/3565","targetHints":{"allow":["GET"]}}],"collection":[{"href":"https:\/\/www.feodus-finance.fr\/defiscalisation\/wp-json\/wp\/v2\/posts"}],"about":[{"href":"https:\/\/www.feodus-finance.fr\/defiscalisation\/wp-json\/wp\/v2\/types\/post"}],"author":[{"embeddable":true,"href":"https:\/\/www.feodus-finance.fr\/defiscalisation\/wp-json\/wp\/v2\/users\/3"}],"replies":[{"embeddable":true,"href":"https:\/\/www.feodus-finance.fr\/defiscalisation\/wp-json\/wp\/v2\/comments?post=3565"}],"version-history":[{"count":8,"href":"https:\/\/www.feodus-finance.fr\/defiscalisation\/wp-json\/wp\/v2\/posts\/3565\/revisions"}],"predecessor-version":[{"id":3574,"href":"https:\/\/www.feodus-finance.fr\/defiscalisation\/wp-json\/wp\/v2\/posts\/3565\/revisions\/3574"}],"wp:featuredmedia":[{"embeddable":true,"href":"https:\/\/www.feodus-finance.fr\/defiscalisation\/wp-json\/wp\/v2\/media\/1755"}],"wp:attachment":[{"href":"https:\/\/www.feodus-finance.fr\/defiscalisation\/wp-json\/wp\/v2\/media?parent=3565"}],"wp:term":[{"taxonomy":"category","embeddable":true,"href":"https:\/\/www.feodus-finance.fr\/defiscalisation\/wp-json\/wp\/v2\/categories?post=3565"},{"taxonomy":"post_tag","embeddable":true,"href":"https:\/\/www.feodus-finance.fr\/defiscalisation\/wp-json\/wp\/v2\/tags?post=3565"}],"curies":[{"name":"wp","href":"https:\/\/api.w.org\/{rel}","templated":true}]}}