{"id":3621,"date":"2026-02-04T09:46:02","date_gmt":"2026-02-04T08:46:02","guid":{"rendered":"https:\/\/www.feodus-finance.fr\/defiscalisation\/?p=3621"},"modified":"2026-02-04T09:46:12","modified_gmt":"2026-02-04T08:46:12","slug":"cumul-emploi-retraite-regles-plafond-impact-epargne-salariale-per","status":"publish","type":"post","link":"https:\/\/www.feodus-finance.fr\/defiscalisation\/cumul-emploi-retraite-regles-plafond-impact-epargne-salariale-per\/","title":{"rendered":"Cumul emploi-retraite : impacts sur les dispositifs d&#8217;\u00e9pargne salariale &amp; retraite collective"},"content":{"rendered":"\n<h2 class=\"wp-block-heading has-base-2-color has-accent-background-color has-text-color has-background has-link-color wp-elements-27290072bf1ec8c8683341ade234cfe4\">Cumul emploi-retraite : r\u00e8gles, plafonds et impacts sur l\u2019\u00e9pargne salariale (PEE, PERECO) et la retraite collective (PEROB)<\/h2>\n\n\n\n<p>Le <strong>cumul emploi-retraite<\/strong> permet de percevoir une pension tout en reprenant (ou en poursuivant) une activit\u00e9 professionnelle. En pratique, tout se joue autour de deux r\u00e9gimes : <strong>le cumul emploi-retraite int\u00e9gral<\/strong> et <strong>le cumul emploi-retraite partiel<\/strong>. Ces statuts n\u2019ont pas les m\u00eames <strong>conditions<\/strong>, ni les m\u00eames <strong>plafonds<\/strong>, et ils peuvent aussi influencer certains \u00e9l\u00e9ments de <strong>r\u00e9mun\u00e9ration collective<\/strong> (int\u00e9ressement, participation) et l\u2019acc\u00e8s aux dispositifs comme le <strong>PEE<\/strong>, le <strong>PERECO<\/strong> ou le <strong>PEROB<\/strong>.<\/p>\n\n\n\n<p>Dans cet article, on fait le point de fa\u00e7on claire : <strong>qui peut cumuler<\/strong>, <strong>\u00e0 quelles conditions<\/strong>, <strong>avec ou sans plafond<\/strong>, et surtout <strong>ce que cela change<\/strong> pour l\u2019\u00e9pargne salariale et la retraite suppl\u00e9mentaire.<\/p>\n\n\n\n<h2 class=\"wp-block-heading has-base-2-color has-accent-background-color has-text-color has-background has-link-color wp-elements-4010a75627631b309d68d78f126a7002\">Comprendre les 2 types de cumul emploi-retraite<\/h2>\n\n\n\n<h3 class=\"wp-block-heading has-base-background-color has-background\">1) Le cumul emploi-retraite int\u00e9gral : conditions et avantages<\/h3>\n\n\n\n<p>Le <strong>cumul emploi-retraite int\u00e9gral<\/strong> est la situation la plus \u201csouple\u201d : <strong>il n\u2019y a pas de plafond<\/strong> de revenus (pension + revenus d\u2019activit\u00e9). Mais il est encadr\u00e9 par des <strong>conditions cumulatives<\/strong>.<\/p>\n\n\n\n<ul class=\"wp-block-list\">\n<li><strong>Avoir cess\u00e9 l\u2019ensemble des activit\u00e9s professionnelles<\/strong> et <strong>avoir liquid\u00e9 l\u2019ensemble des retraites obligatoires<\/strong> (base et compl\u00e9mentaires, en France et \u00e0 l\u2019\u00e9tranger).<\/li>\n\n\n\n<li><strong>Avoir au minimum l\u2019\u00e2ge l\u00e9gal<\/strong> de d\u00e9part \u00e0 la retraite.<\/li>\n\n\n\n<li><strong>Avoir droit \u00e0 une pension \u00e0 taux plein<\/strong>.<\/li>\n<\/ul>\n\n\n\n<p><strong>Nouveaut\u00e9 mise en avant dans le document :<\/strong> le b\u00e9n\u00e9ficiaire en cumul emploi-retraite peut <strong>acqu\u00e9rir de nouveaux droits<\/strong> depuis 2023, <strong>\u00e0 condition de respecter un d\u00e9lai de carence de 6 mois<\/strong> avant la reprise d\u2019activit\u00e9, d\u00e9compt\u00e9 \u00e0 partir de la liquidation de la premi\u00e8re retraite. \u00c0 d\u00e9faut, la nouvelle activit\u00e9 <strong>ne g\u00e9n\u00e8re pas<\/strong> de nouveaux droits\/cotisations dans ce cadre. <\/p>\n\n\n\n<p>\u2705 <strong>\u00c0 retenir <\/strong>: <strong>Cumul int\u00e9gral = conditions strictes + pas de plafond + possible nouveaux droits (si carence 6 mois respect\u00e9e).<\/strong><\/p>\n\n\n\n<hr class=\"wp-block-separator has-alpha-channel-opacity\"\/>\n\n\n\n<h3 class=\"wp-block-heading has-base-background-color has-background\">2) Le cumul emploi-retraite partiel : plafond et point d\u2019attention<\/h3>\n\n\n\n<p>On parle de <strong>cumul emploi-retraite partiel<\/strong> d\u00e8s lors qu\u2019<strong>une des conditions<\/strong> du cumul int\u00e9gral n\u2019est <strong>pas<\/strong> remplie. <\/p>\n\n\n\n<h4 class=\"wp-block-heading\">La reprise d\u2019activit\u00e9 : imm\u00e9diate ou apr\u00e8s 6 mois<\/h4>\n\n\n\n<p>Rappel sur une r\u00e8gle op\u00e9rationnelle importante : <\/p>\n\n\n\n<ul class=\"wp-block-list\">\n<li>Reprise possible <strong>imm\u00e9diatement chez un nouvel employeur<\/strong>, <strong>ou<\/strong><\/li>\n\n\n\n<li>Reprise <strong>apr\u00e8s un d\u00e9lai de 6 mois chez l\u2019ancien employeur<\/strong> (sinon, la pension peut \u00eatre <strong>suspendue<\/strong> jusqu\u2019\u00e0 la fin du d\u00e9lai ou l\u2019arr\u00eat de l\u2019activit\u00e9).<\/li>\n<\/ul>\n\n\n\n<h4 class=\"wp-block-heading\">Le plafond de revenus en cumul partiel<\/h4>\n\n\n\n<p>En cumul partiel, le total <strong>revenus professionnels + pensions (base et compl\u00e9mentaire)<\/strong> est <strong>plafonn\u00e9<\/strong>. Le plafond correspond au <strong>montant le plus avantageux<\/strong> entre : <\/p>\n\n\n\n<ul class=\"wp-block-list\">\n<li><strong>1,6 SMIC<\/strong>, ou<\/li>\n\n\n\n<li>La <strong>moyenne mensuelle des salaires soumis \u00e0 CSG<\/strong> per\u00e7us sur les <strong>3 derniers mois civils<\/strong> avant la liquidation.<\/li>\n<\/ul>\n\n\n\n<p>En cas de d\u00e9passement, le document indique que la <strong>pension de retraite de base<\/strong> est <strong>r\u00e9duite<\/strong> jusqu\u2019au respect du plafond. <\/p>\n\n\n\n<h4 class=\"wp-block-heading\">Point d\u2019attention : int\u00e9ressement et participation comptent-ils dans le plafond ?<\/h4>\n\n\n\n<p>L\u2019<strong>impact des primes d\u2019\u00e9pargne salariale<\/strong> sur le calcul du plafond en cumul partiel. <\/p>\n\n\n\n<ul class=\"wp-block-list\">\n<li><strong>Pour les salari\u00e9s :<\/strong> selon la lecture indiqu\u00e9e, <strong>int\u00e9ressement et participation<\/strong> semblent \u00eatre <strong>pris en compte<\/strong> dans l\u2019assiette de revenus (car soumis \u00e0 CSG dans ce cadre), <strong>mais cela reste \u00e0 confirmer par la caisse de retraite<\/strong>. <\/li>\n\n\n\n<li><strong>Pour les ind\u00e9pendants :<\/strong> cette fois, int\u00e9ressement et participation <strong>ne sont pas pris en compte<\/strong>.<\/li>\n<\/ul>\n\n\n\n<p>\u2705 <strong>\u00c0 retenir <\/strong> : <strong>Cumul partiel = plafond + vigilance sur les revenus soumis \u00e0 CSG + r\u00e8gles sp\u00e9cifiques selon salari\u00e9\/ind\u00e9pendant.<\/strong><\/p>\n\n\n\n<h2 class=\"wp-block-heading has-base-2-color has-accent-background-color has-text-color has-background has-link-color wp-elements-24b59dbb50577b8efcd3f8b5f8267baf\">Cumul emploi-retraite et \u00e9pargne salariale : peut-on \u00eatre exclu du PEE, PERECO, int\u00e9ressement, participation ?<\/h2>\n\n\n\n<p>Les dispositifs d\u2019\u00e9pargne salariale ont un <strong>caract\u00e8re collectif<\/strong>. Un salari\u00e9 en cumul emploi-retraite <strong>reste un salari\u00e9<\/strong> (contrat de travail), parfois m\u00eame apr\u00e8s rupture et signature d\u2019un nouveau contrat. <\/p>\n\n\n\n<p>Cons\u00e9quence : <strong>il ne peut pas \u00eatre exclu \u201cpar principe\u201d<\/strong> des dispositifs collectifs (int\u00e9ressement, participation, etc.), au risque de <strong>requalification<\/strong> du r\u00e9gime et de traitement <strong>discriminatoire<\/strong>.<\/p>\n\n\n\n<p><\/p>\n\n\n\n<h2 class=\"wp-block-heading has-base-2-color has-accent-background-color has-text-color has-background has-link-color wp-elements-207cf28d867ef4df920456d97b401929\">Impacts pratiques sur PEE, PERECO et PEROB<\/h2>\n\n\n\n<h3 class=\"wp-block-heading has-base-background-color has-background\">PEE : d\u00e9blocage possible en cas de cessation du contrat\u2026 avec justificatifs<\/h3>\n\n\n\n<p>Le document pr\u00e9cise que le salari\u00e9 peut demander le <strong>d\u00e9blocage des avoirs du PEE<\/strong> pour <strong>cessation du contrat de travail<\/strong>, en fournissant un <strong>justificatif de sortie des effectifs<\/strong> mentionnant la date de fin de contrat. <\/p>\n\n\n\n<p>\u26a0\ufe0f Important : les avoirs comptabilis\u00e9s <strong>apr\u00e8s<\/strong> cette date ne seraient pas \u00e9ligibles \u00e0 ce motif : il faudra ensuite produire un justificatif li\u00e9 \u00e0 la fin du contrat de cumul emploi-retraite.<\/p>\n\n\n\n<h3 class=\"wp-block-heading has-base-background-color has-background\">PERECO : disponibilit\u00e9 imm\u00e9diate des versements<\/h3>\n\n\n\n<p><strong>Tout versement sur le PER sera imm\u00e9diatement disponible\u201d<\/strong> pour le <strong>PERECO(I)<\/strong>. <\/p>\n\n\n\n<p><em>\u00c0 noter : en pratique, les conditions exactes peuvent d\u00e9pendre du cadre retenu et de la mise en \u0153uvre.<\/em><\/p>\n\n\n\n<h3 class=\"wp-block-heading has-base-background-color has-background\">PEROB : affiliation, continuit\u00e9 du contrat, liquidation et seuil de rente<\/h3>\n\n\n\n<p>C\u00f4t\u00e9 <strong>PEROB<\/strong> (retraite suppl\u00e9mentaire d\u2019entreprise) :<\/p>\n\n\n\n<ul class=\"wp-block-list\">\n<li>Le b\u00e9n\u00e9ficiaire <strong>ne peut pas \u00eatre exclu<\/strong> s\u2019il entre dans le \u201ccoll\u00e8ge\u201d concern\u00e9.<\/li>\n\n\n\n<li>Un salari\u00e9 sortant peut choisir de <strong>ne pas liquider<\/strong> son contrat au d\u00e9part en retraite : les versements peuvent continuer sur le <strong>contrat d\u2019origine<\/strong> pendant le cumul.<\/li>\n\n\n\n<li>S\u2019il a liquid\u00e9, un <strong>nouveau contrat d\u2019adh\u00e9sion<\/strong> peut \u00eatre cr\u00e9\u00e9 pour accueillir les versements de l\u2019entreprise.<\/li>\n\n\n\n<li>La liquidation du second contrat peut donner lieu \u00e0 un <strong>versement en capital<\/strong> si le montant mensuel de rente <strong>ne d\u00e9passe pas 110 \u20ac<\/strong>.<\/li>\n<\/ul>\n\n\n\n<hr class=\"wp-block-separator has-alpha-channel-opacity\"\/>\n\n\n\n<h2 class=\"wp-block-heading has-base-color has-contrast-3-background-color has-text-color has-background has-link-color wp-elements-958d05119c66222e9cfad4cbfab89d9b\">Tableau r\u00e9capitulatif : cumul int\u00e9gral vs cumul partiel<\/h2>\n\n\n\n<figure class=\"wp-block-table is-style-stripes\"><table class=\"has-base-background-color has-background has-fixed-layout\"><thead><tr><th>Sujet<\/th><th>Cumul emploi-retraite int\u00e9gral<\/th><th>Cumul emploi-retraite partiel<\/th><\/tr><\/thead><tbody><tr><td>Conditions<\/td><td>Cessation + liquidation de toutes retraites + \u00e2ge l\u00e9gal + taux plein <\/td><td>Une condition du cumul int\u00e9gral non remplie <\/td><\/tr><tr><td>Reprise d\u2019activit\u00e9<\/td><td>D\u00e9lai de carence de 6 mois pour g\u00e9n\u00e9rer de nouveaux droits <\/td><td>Imm\u00e9diate chez nouvel employeur ou 6 mois chez l\u2019ancien <\/td><\/tr><tr><td>Plafond<\/td><td><strong>Aucun plafond<\/strong> <\/td><td>Plafonn\u00e9 : <strong>1,6 SMIC<\/strong> ou <strong>moyenne 3 derniers mois soumis \u00e0 CSG<\/strong> <\/td><\/tr><tr><td>En cas de d\u00e9passement<\/td><td>\u2014<\/td><td>Pension de base r\u00e9duite jusqu\u2019au plafond <\/td><\/tr><tr><td>Vigilance int\u00e9ressement\/participation<\/td><td>\u2014<\/td><td>Potentiellement inclus pour salari\u00e9s (\u00e0 confirmer caisse), exclus pour ind\u00e9pendants <\/td><\/tr><\/tbody><\/table><\/figure>\n\n\n\n<h2 class=\"wp-block-heading has-base-2-color has-accent-background-color has-text-color has-background has-link-color wp-elements-17f7355cbcd6699a5236953fc1d084ec\">Bonnes pratiques pour s\u00e9curiser votre cumul emploi-retraite<\/h2>\n\n\n\n<p><strong>Identifier votre r\u00e9gime<\/strong> (int\u00e9gral ou partiel) avant de signer\/reprendre.<\/p>\n\n\n\n<p>En cumul partiel, <strong>simuler le plafond<\/strong> en int\u00e9grant les \u00e9l\u00e9ments soumis \u00e0 CSG.<\/p>\n\n\n\n<p>Si vous percevez <strong>int\u00e9ressement\/participation<\/strong>, <strong>valider l\u2019impact<\/strong> aupr\u00e8s de votre caisse (le guide souligne que certains points doivent \u00eatre confirm\u00e9s). <\/p>\n\n\n\n<p>C\u00f4t\u00e9 entreprise, <strong>ne pas exclure<\/strong> un salari\u00e9 en cumul des dispositifs collectifs \u201cpar principe\u201d. <\/p>\n\n\n\n<p>Pour PEE\/PERECO\/PEROB, <strong>documenter les \u00e9v\u00e9nements<\/strong> (fin de contrat, sortie des effectifs, liquidation\u2026) afin de produire les justificatifs attendus.<\/p>\n\n\n\n<p><\/p>\n","protected":false},"excerpt":{"rendered":"<p>Cumul emploi-retraite : r\u00e8gles, plafonds et impacts sur l\u2019\u00e9pargne salariale (PEE, PERECO) et la retraite collective (PEROB) Le cumul emploi-retraite permet de percevoir une pension tout en reprenant (ou en poursuivant) une activit\u00e9 professionnelle. En pratique, tout se joue autour de deux r\u00e9gimes : le cumul emploi-retraite int\u00e9gral et le cumul emploi-retraite partiel. Ces statuts &#8230; <a title=\"Cumul emploi-retraite : impacts sur les dispositifs d&#8217;\u00e9pargne salariale &amp; retraite collective\" class=\"read-more\" href=\"https:\/\/www.feodus-finance.fr\/defiscalisation\/cumul-emploi-retraite-regles-plafond-impact-epargne-salariale-per\/\" aria-label=\"En savoir plus sur Cumul emploi-retraite : impacts sur les dispositifs d&#8217;\u00e9pargne salariale &amp; retraite collective\">Lire plus<\/a><\/p>\n","protected":false},"author":3,"featured_media":1976,"comment_status":"closed","ping_status":"closed","sticky":false,"template":"","format":"standard","meta":{"footnotes":""},"categories":[15],"tags":[566,562,583,580,574,593,577,564,560,561,565,573,581,563,592,582,587,576,568,575,591,578,579,569,221,586,584,585,567,570,590,571,572,588,589],"class_list":["post-3621","post","type-post","status-publish","format-standard","has-post-thumbnail","hentry","category-dossier-entreprise","tag-566","tag-6-smic","tag-epargne-retraite-2","tag-epargne-salariale","tag-ancien-employeur-delai-6-mois","tag-conformite-social","tag-csg","tag-cumul-emploi-retraite-2","tag-cumul-emploi-retraite","tag-cumul-emploi-retraite-integral","tag-cumul-emploi-retraite-partiel","tag-cumul-pension-salaire","tag-deblocage-anticipe-pee","tag-delai-de-carence-6-mois","tag-dispositifs-collectifs","tag-drh","tag-droits-retraite-apres-2023","tag-interessement","tag-liquidation-des-droits-retraite","tag-nouvel-employeur-cumul-emploi-retraite","tag-paie","tag-participation","tag-pee","tag-pension-de-retraite","tag-per","tag-pereco","tag-perecoi","tag-perob","tag-plafond-cumul-emploi-retraite","tag-reduction-pension-depassement-plafond","tag-remuneration-collective","tag-reprise-dactivite-apres-retraite","tag-retraite-a-taux-plein","tag-retraite-collective","tag-retraite-supplementaire-entreprise","generate-columns","tablet-grid-50","mobile-grid-100","grid-parent","grid-33"],"yoast_head":"<!-- This site is optimized with the Yoast SEO plugin v24.6 - https:\/\/yoast.com\/wordpress\/plugins\/seo\/ -->\n<title>Cumul emploi-retraite : r\u00e8gles 2025, plafonds et impacts PEE\/PER<\/title>\n<meta name=\"description\" content=\"Cumul emploi-retraite int\u00e9gral ou partiel : conditions, d\u00e9lai de carence, plafonds et impacts sur int\u00e9ressement, participation, PEE, PERECO et PEROB.\" \/>\n<meta name=\"robots\" content=\"index, follow, max-snippet:-1, max-image-preview:large, max-video-preview:-1\" \/>\n<link rel=\"canonical\" href=\"https:\/\/www.feodus-finance.fr\/defiscalisation\/cumul-emploi-retraite-regles-plafond-impact-epargne-salariale-per\/\" \/>\n<meta property=\"og:locale\" content=\"fr_FR\" \/>\n<meta property=\"og:type\" content=\"article\" \/>\n<meta property=\"og:title\" content=\"Cumul emploi-retraite : r\u00e8gles 2025, plafonds et impacts PEE\/PER\" \/>\n<meta property=\"og:description\" content=\"Cumul emploi-retraite int\u00e9gral ou partiel : conditions, d\u00e9lai de carence, plafonds et impacts sur int\u00e9ressement, participation, PEE, PERECO et PEROB.\" \/>\n<meta property=\"og:url\" content=\"https:\/\/www.feodus-finance.fr\/defiscalisation\/cumul-emploi-retraite-regles-plafond-impact-epargne-salariale-per\/\" \/>\n<meta property=\"og:site_name\" content=\"Feodus\" \/>\n<meta property=\"article:published_time\" content=\"2026-02-04T08:46:02+00:00\" \/>\n<meta property=\"article:modified_time\" content=\"2026-02-04T08:46:12+00:00\" \/>\n<meta property=\"og:image\" content=\"https:\/\/www.feodus-finance.fr\/defiscalisation\/wp-content\/uploads\/2023\/11\/9755.jpeg\" \/>\n\t<meta property=\"og:image:width\" content=\"920\" \/>\n\t<meta property=\"og:image:height\" content=\"613\" \/>\n\t<meta property=\"og:image:type\" content=\"image\/jpeg\" \/>\n<meta name=\"author\" content=\"La R\u00e9daction\" \/>\n<meta name=\"twitter:card\" content=\"summary_large_image\" \/>\n<!-- \/ Yoast SEO plugin. -->","yoast_head_json":{"title":"Cumul emploi-retraite : r\u00e8gles 2025, plafonds et impacts PEE\/PER","description":"Cumul emploi-retraite int\u00e9gral ou partiel : conditions, d\u00e9lai de carence, plafonds et impacts sur int\u00e9ressement, participation, PEE, PERECO et PEROB.","robots":{"index":"index","follow":"follow","max-snippet":"max-snippet:-1","max-image-preview":"max-image-preview:large","max-video-preview":"max-video-preview:-1"},"canonical":"https:\/\/www.feodus-finance.fr\/defiscalisation\/cumul-emploi-retraite-regles-plafond-impact-epargne-salariale-per\/","og_locale":"fr_FR","og_type":"article","og_title":"Cumul emploi-retraite : r\u00e8gles 2025, plafonds et impacts PEE\/PER","og_description":"Cumul emploi-retraite int\u00e9gral ou partiel : conditions, d\u00e9lai de carence, plafonds et impacts sur int\u00e9ressement, participation, PEE, PERECO et PEROB.","og_url":"https:\/\/www.feodus-finance.fr\/defiscalisation\/cumul-emploi-retraite-regles-plafond-impact-epargne-salariale-per\/","og_site_name":"Feodus","article_published_time":"2026-02-04T08:46:02+00:00","article_modified_time":"2026-02-04T08:46:12+00:00","og_image":[{"width":920,"height":613,"url":"https:\/\/www.feodus-finance.fr\/defiscalisation\/wp-content\/uploads\/2023\/11\/9755.jpeg","type":"image\/jpeg"}],"author":"La R\u00e9daction","twitter_card":"summary_large_image","schema":{"@context":"https:\/\/schema.org","@graph":[{"@type":"NewsArticle","@id":"https:\/\/www.feodus-finance.fr\/defiscalisation\/cumul-emploi-retraite-regles-plafond-impact-epargne-salariale-per\/#article","isPartOf":{"@id":"https:\/\/www.feodus-finance.fr\/defiscalisation\/cumul-emploi-retraite-regles-plafond-impact-epargne-salariale-per\/"},"author":{"name":"La R\u00e9daction","@id":"https:\/\/www.feodus-finance.fr\/defiscalisation\/#\/schema\/person\/5ca9be76021ba500a028eef9d2aa4c82"},"headline":"Cumul emploi-retraite : impacts sur les dispositifs d&#8217;\u00e9pargne salariale &amp; retraite collective","datePublished":"2026-02-04T08:46:02+00:00","dateModified":"2026-02-04T08:46:12+00:00","mainEntityOfPage":{"@id":"https:\/\/www.feodus-finance.fr\/defiscalisation\/cumul-emploi-retraite-regles-plafond-impact-epargne-salariale-per\/"},"wordCount":1071,"publisher":{"@id":"https:\/\/www.feodus-finance.fr\/defiscalisation\/#organization"},"image":{"@id":"https:\/\/www.feodus-finance.fr\/defiscalisation\/cumul-emploi-retraite-regles-plafond-impact-epargne-salariale-per\/#primaryimage"},"thumbnailUrl":"https:\/\/www.feodus-finance.fr\/defiscalisation\/wp-content\/uploads\/2023\/11\/9755.jpeg","keywords":["1","6 SMIC","\u00e9pargne retraite","\u00e9pargne salariale","ancien employeur d\u00e9lai 6 mois","conformit\u00e9 social","CSG","cumul emploi retraite","cumul emploi-retraite","cumul emploi-retraite int\u00e9gral","cumul emploi-retraite partiel","cumul pension salaire","d\u00e9blocage anticip\u00e9 PEE","d\u00e9lai de carence 6 mois","dispositifs collectifs","DRH","droits retraite apr\u00e8s 2023","int\u00e9ressement","liquidation des droits retraite","nouvel employeur cumul emploi-retraite","paie","participation","PEE","pension de retraite","PER","PERECO","PERECOI","PEROB","plafond cumul emploi-retraite","r\u00e9duction pension d\u00e9passement plafond","r\u00e9mun\u00e9ration collective","reprise d\u2019activit\u00e9 apr\u00e8s retraite","retraite \u00e0 taux plein","retraite collective","retraite suppl\u00e9mentaire entreprise"],"articleSection":["Guides de la fiscalit\u00e9 des entreprises"],"inLanguage":"fr-FR"},{"@type":"WebPage","@id":"https:\/\/www.feodus-finance.fr\/defiscalisation\/cumul-emploi-retraite-regles-plafond-impact-epargne-salariale-per\/","url":"https:\/\/www.feodus-finance.fr\/defiscalisation\/cumul-emploi-retraite-regles-plafond-impact-epargne-salariale-per\/","name":"Cumul emploi-retraite : r\u00e8gles 2025, plafonds et impacts PEE\/PER","isPartOf":{"@id":"https:\/\/www.feodus-finance.fr\/defiscalisation\/#website"},"primaryImageOfPage":{"@id":"https:\/\/www.feodus-finance.fr\/defiscalisation\/cumul-emploi-retraite-regles-plafond-impact-epargne-salariale-per\/#primaryimage"},"image":{"@id":"https:\/\/www.feodus-finance.fr\/defiscalisation\/cumul-emploi-retraite-regles-plafond-impact-epargne-salariale-per\/#primaryimage"},"thumbnailUrl":"https:\/\/www.feodus-finance.fr\/defiscalisation\/wp-content\/uploads\/2023\/11\/9755.jpeg","datePublished":"2026-02-04T08:46:02+00:00","dateModified":"2026-02-04T08:46:12+00:00","description":"Cumul emploi-retraite int\u00e9gral ou partiel : conditions, d\u00e9lai de carence, plafonds et impacts sur int\u00e9ressement, participation, PEE, PERECO et PEROB.","breadcrumb":{"@id":"https:\/\/www.feodus-finance.fr\/defiscalisation\/cumul-emploi-retraite-regles-plafond-impact-epargne-salariale-per\/#breadcrumb"},"inLanguage":"fr-FR","potentialAction":[{"@type":"ReadAction","target":["https:\/\/www.feodus-finance.fr\/defiscalisation\/cumul-emploi-retraite-regles-plafond-impact-epargne-salariale-per\/"]}]},{"@type":"ImageObject","inLanguage":"fr-FR","@id":"https:\/\/www.feodus-finance.fr\/defiscalisation\/cumul-emploi-retraite-regles-plafond-impact-epargne-salariale-per\/#primaryimage","url":"https:\/\/www.feodus-finance.fr\/defiscalisation\/wp-content\/uploads\/2023\/11\/9755.jpeg","contentUrl":"https:\/\/www.feodus-finance.fr\/defiscalisation\/wp-content\/uploads\/2023\/11\/9755.jpeg","width":920,"height":613,"caption":"Cumul emploi retraite"},{"@type":"BreadcrumbList","@id":"https:\/\/www.feodus-finance.fr\/defiscalisation\/cumul-emploi-retraite-regles-plafond-impact-epargne-salariale-per\/#breadcrumb","itemListElement":[{"@type":"ListItem","position":1,"name":"Accueil","item":"https:\/\/www.feodus-finance.fr\/defiscalisation\/"},{"@type":"ListItem","position":2,"name":"Guides de la fiscalit\u00e9 des entreprises","item":"https:\/\/www.feodus-finance.fr\/defiscalisation\/dossier-entreprise\/"},{"@type":"ListItem","position":3,"name":"Cumul emploi-retraite : impacts sur les dispositifs d&#8217;\u00e9pargne salariale &amp; retraite collective"}]},{"@type":"WebSite","@id":"https:\/\/www.feodus-finance.fr\/defiscalisation\/#website","url":"https:\/\/www.feodus-finance.fr\/defiscalisation\/","name":"Feodus","description":"","publisher":{"@id":"https:\/\/www.feodus-finance.fr\/defiscalisation\/#organization"},"potentialAction":[{"@type":"SearchAction","target":{"@type":"EntryPoint","urlTemplate":"https:\/\/www.feodus-finance.fr\/defiscalisation\/?s={search_term_string}"},"query-input":{"@type":"PropertyValueSpecification","valueRequired":true,"valueName":"search_term_string"}}],"inLanguage":"fr-FR"},{"@type":"Organization","@id":"https:\/\/www.feodus-finance.fr\/defiscalisation\/#organization","name":"Feodus","url":"https:\/\/www.feodus-finance.fr\/defiscalisation\/","logo":{"@type":"ImageObject","inLanguage":"fr-FR","@id":"https:\/\/www.feodus-finance.fr\/defiscalisation\/#\/schema\/logo\/image\/","url":"https:\/\/www.feodus-finance.fr\/defiscalisation\/wp-content\/uploads\/2023\/11\/cropped-logo-footer.jpg","contentUrl":"https:\/\/www.feodus-finance.fr\/defiscalisation\/wp-content\/uploads\/2023\/11\/cropped-logo-footer.jpg","width":249,"height":73,"caption":"Feodus"},"image":{"@id":"https:\/\/www.feodus-finance.fr\/defiscalisation\/#\/schema\/logo\/image\/"}},{"@type":"Person","@id":"https:\/\/www.feodus-finance.fr\/defiscalisation\/#\/schema\/person\/5ca9be76021ba500a028eef9d2aa4c82","name":"La R\u00e9daction","image":{"@type":"ImageObject","inLanguage":"fr-FR","@id":"https:\/\/www.feodus-finance.fr\/defiscalisation\/#\/schema\/person\/image\/","url":"https:\/\/www.feodus-finance.fr\/defiscalisation\/wp-content\/uploads\/2023\/11\/cropped-logo-96x96.jpg","contentUrl":"https:\/\/www.feodus-finance.fr\/defiscalisation\/wp-content\/uploads\/2023\/11\/cropped-logo-96x96.jpg","caption":"La R\u00e9daction"},"description":"Notre \u00e9quipe de r\u00e9daction s'efforce constamment de partager des analyses approfondies, des conseils pratiques et des perspectives innovantes sur les march\u00e9s financiers, les investissements et les tendances \u00e9conomiques.","url":"https:\/\/www.feodus-finance.fr\/defiscalisation\/author\/redaction\/"}]}},"_links":{"self":[{"href":"https:\/\/www.feodus-finance.fr\/defiscalisation\/wp-json\/wp\/v2\/posts\/3621","targetHints":{"allow":["GET"]}}],"collection":[{"href":"https:\/\/www.feodus-finance.fr\/defiscalisation\/wp-json\/wp\/v2\/posts"}],"about":[{"href":"https:\/\/www.feodus-finance.fr\/defiscalisation\/wp-json\/wp\/v2\/types\/post"}],"author":[{"embeddable":true,"href":"https:\/\/www.feodus-finance.fr\/defiscalisation\/wp-json\/wp\/v2\/users\/3"}],"replies":[{"embeddable":true,"href":"https:\/\/www.feodus-finance.fr\/defiscalisation\/wp-json\/wp\/v2\/comments?post=3621"}],"version-history":[{"count":1,"href":"https:\/\/www.feodus-finance.fr\/defiscalisation\/wp-json\/wp\/v2\/posts\/3621\/revisions"}],"predecessor-version":[{"id":3622,"href":"https:\/\/www.feodus-finance.fr\/defiscalisation\/wp-json\/wp\/v2\/posts\/3621\/revisions\/3622"}],"wp:featuredmedia":[{"embeddable":true,"href":"https:\/\/www.feodus-finance.fr\/defiscalisation\/wp-json\/wp\/v2\/media\/1976"}],"wp:attachment":[{"href":"https:\/\/www.feodus-finance.fr\/defiscalisation\/wp-json\/wp\/v2\/media?parent=3621"}],"wp:term":[{"taxonomy":"category","embeddable":true,"href":"https:\/\/www.feodus-finance.fr\/defiscalisation\/wp-json\/wp\/v2\/categories?post=3621"},{"taxonomy":"post_tag","embeddable":true,"href":"https:\/\/www.feodus-finance.fr\/defiscalisation\/wp-json\/wp\/v2\/tags?post=3621"}],"curies":[{"name":"wp","href":"https:\/\/api.w.org\/{rel}","templated":true}]}}