{"id":3623,"date":"2026-02-05T11:04:49","date_gmt":"2026-02-05T10:04:49","guid":{"rendered":"https:\/\/www.feodus-finance.fr\/defiscalisation\/?p=3623"},"modified":"2026-02-05T11:04:51","modified_gmt":"2026-02-05T10:04:51","slug":"reforme-acre-2026-exoneration-cotisations-sociales","status":"publish","type":"post","link":"https:\/\/www.feodus-finance.fr\/defiscalisation\/reforme-acre-2026-exoneration-cotisations-sociales\/","title":{"rendered":"R\u00e9forme de l\u2019ACRE  : une exon\u00e9ration de cotisations sociales recentr\u00e9e\u2026 et nettement moins g\u00e9n\u00e9reuse"},"content":{"rendered":"\n<p>L\u2019<strong>Aide \u00e0 la cr\u00e9ation ou \u00e0 la reprise d\u2019entreprise (ACRE)<\/strong> a longtemps \u00e9t\u00e9 l\u2019un des leviers les plus efficaces pour all\u00e9ger le co\u00fbt des <strong>cotisations sociales<\/strong> au d\u00e9marrage d\u2019une activit\u00e9. <\/p>\n\n\n\n<p>Depuis le <strong>1er janvier 2026<\/strong>, le dispositif \u00e9volue profond\u00e9ment : <strong>il est r\u00e9duit \u00e0 la fois dans son champ d\u2019application (moins de b\u00e9n\u00e9ficiaires)<\/strong> et dans <strong>son amplitude (un avantage financier plafonn\u00e9)<\/strong>. Objectif affich\u00e9 : recentrer l\u2019aide sur des publics jug\u00e9s prioritaires et mieux ma\u00eetriser le co\u00fbt des exon\u00e9rations.<\/p>\n\n\n\n<p>Dans cet article, nous vous d\u00e9taillons <strong>ce qui change<\/strong>, <strong>qui peut encore en b\u00e9n\u00e9ficier<\/strong>, <strong>\u00e0 combien s\u2019\u00e9l\u00e8ve l\u2019exon\u00e9ration<\/strong>, et <strong>comment s\u00e9curiser sa demande<\/strong>.<\/p>\n\n\n\n<h2 class=\"wp-block-heading has-base-2-color has-accent-background-color has-text-color has-background has-link-color wp-elements-ca7bbc638bbab0bb471ba9a8bee94f12\">ACRE : d\u00e9finition rapide (et ce que couvre l\u2019exon\u00e9ration)<\/h2>\n\n\n\n<p>L\u2019ACRE est une <strong>exon\u00e9ration temporaire<\/strong> (ou, plus exactement, une <strong>r\u00e9duction<\/strong>) de cotisations sociales accord\u00e9e au d\u00e9but d\u2019activit\u00e9.<\/p>\n\n\n\n<ul class=\"wp-block-list\">\n<li>Pour les <strong>micro-entrepreneurs<\/strong>, l\u2019ACRE se traduit par une <strong>r\u00e9duction de 50 % des cotisations sociales<\/strong> pendant une p\u00e9riode allant <strong>jusqu\u2019\u00e0 la fin du 3e trimestre civil<\/strong> suivant le d\u00e9but d\u2019activit\u00e9 (ce qui repr\u00e9sente souvent 10 \u00e0 12 mois selon la date de d\u00e9marrage).<\/li>\n\n\n\n<li>Pour les <strong>autres cr\u00e9ateurs\/repreneurs<\/strong> (travailleurs ind\u00e9pendants hors micro-entreprise, et certains dirigeants), l\u2019ACRE prend la forme d\u2019une <strong>exon\u00e9ration partielle de cotisations sociales personnelles<\/strong> pendant <strong>12 mois<\/strong>.<\/li>\n<\/ul>\n\n\n\n<blockquote class=\"wp-block-quote is-layout-flow wp-block-quote-is-layout-flow\">\n<p>Important : l\u2019ACRE ne doit pas \u00eatre confondue avec l\u2019ARCE (capitalisation d\u2019une partie des allocations ch\u00f4mage), qui rel\u00e8ve de France Travail.<\/p>\n<\/blockquote>\n\n\n\n<h2 class=\"wp-block-heading has-base-2-color has-accent-background-color has-text-color has-background has-link-color wp-elements-e85d0ce244faaa49afd17738e1608970\">Ce qui change au 1er janvier 2026 : une double r\u00e9duction (b\u00e9n\u00e9ficiaires + montant)<\/h2>\n\n\n\n<p>La r\u00e9forme entr\u00e9e en vigueur le <strong>1er janvier 2026<\/strong> op\u00e8re un virage net :<\/p>\n\n\n\n<ol class=\"wp-block-list\">\n<li><strong>Moins de personnes \u00e9ligibles<\/strong> (r\u00e9duction du champ)<\/li>\n\n\n\n<li><strong>Un avantage plafonn\u00e9<\/strong> (r\u00e9duction de l\u2019amplitude)<\/li>\n\n\n\n<li><strong>Une demande obligatoire<\/strong> (fin de l\u2019automaticit\u00e9)<\/li>\n<\/ol>\n\n\n\n<p>Ces trois points se cumulent et expliquent pourquoi, en pratique, l\u2019ACRE est d\u00e9sormais per\u00e7ue comme \u201cmoins attractive\u201d qu\u2019avant<\/p>\n\n\n\n<h2 class=\"wp-block-heading has-base-background-color has-background\">1) Champ d\u2019application r\u00e9duit : l\u2019ACRE recentr\u00e9e sur des publics \u201cprioritaires\u201d<\/h2>\n\n\n\n<h3 class=\"wp-block-heading\">Qui peut b\u00e9n\u00e9ficier de l\u2019ACRE en 2026 ?<\/h3>\n\n\n\n<p>Depuis 2026, l\u2019ACRE n\u2019est plus une aide \u201cquasi-g\u00e9n\u00e9rale\u201d \u00e0 la cr\u00e9ation. Elle est r\u00e9serv\u00e9e \u00e0 des situations cibl\u00e9es : notamment demandeurs d\u2019emploi, b\u00e9n\u00e9ficiaires de minima sociaux, jeunes, certaines reprises d\u2019entreprises en difficult\u00e9, ou implantation en zones sp\u00e9cifiques (QPV, ZFRR\u2026).<\/p>\n\n\n\n<p>Exemples de cat\u00e9gories \u00e9ligibles (selon les listes officielles) :<\/p>\n\n\n\n<ul class=\"wp-block-list\">\n<li><strong>Demandeur d\u2019emploi indemnis\u00e9<\/strong><\/li>\n\n\n\n<li><strong>Demandeur d\u2019emploi non indemnis\u00e9<\/strong> inscrit suffisamment longtemps<\/li>\n\n\n\n<li><strong>B\u00e9n\u00e9ficiaire du RSA ou de l\u2019ASS<\/strong><\/li>\n\n\n\n<li><strong>Jeune de 18 \u00e0 25 ans<\/strong> (et certains cas jusqu\u2019\u00e0 29\/30 ans selon situation)<\/li>\n\n\n\n<li><strong>Personne en situation de handicap<\/strong> (dans certaines conditions)<\/li>\n\n\n\n<li><strong>Reprise d\u2019une entreprise en difficult\u00e9<\/strong> (sauvegarde\/redressement\/liquidation)<\/li>\n\n\n\n<li><strong>Cr\u00e9ation\/reprise en QPV<\/strong><\/li>\n\n\n\n<li><strong>Cr\u00e9ation\/reprise en ZFRR \/ ZFRR+<\/strong><\/li>\n\n\n\n<li><strong>B\u00e9n\u00e9ficiaire de la PreParE<\/strong><\/li>\n<\/ul>\n\n\n\n<p>\ud83d\udc49 Cons\u00e9quence : beaucoup de cr\u00e9ateurs \u201chors cases\u201d (ex. cr\u00e9ation d\u2019activit\u00e9 en \u00e9tant salari\u00e9, sans crit\u00e8res sp\u00e9cifiques) <strong>peuvent d\u00e9sormais \u00eatre exclus<\/strong> du dispositif.<\/p>\n\n\n\n<hr class=\"wp-block-separator has-alpha-channel-opacity\"\/>\n\n\n\n<h2 class=\"wp-block-heading has-base-background-color has-background\">2) Amplitude r\u00e9duite : une exon\u00e9ration plafonn\u00e9e (jusqu\u2019\u00e0 25 % maximum)<\/h2>\n\n\n\n<p>C\u2019est le changement le plus structurant  : <strong>m\u00eame lorsque le revenu est faible<\/strong>, l\u2019avantage n\u2019est plus \u201ctr\u00e8s large\u201d.<\/p>\n\n\n\n<h3 class=\"wp-block-heading has-base-2-background-color has-background\">Avant 2026 : une exon\u00e9ration plus forte pour les revenus faibles<\/h3>\n\n\n\n<p>Les r\u00e8gles ant\u00e9rieures permettaient une exon\u00e9ration plus favorable (notamment pour les revenus inf\u00e9rieurs \u00e0 certains seuils), ce qui maximisait l\u2019effet \u201ccoup de pouce\u201d au d\u00e9marrage.<\/p>\n\n\n\n<h3 class=\"wp-block-heading has-base-2-background-color has-background\">Depuis 2026 : une r\u00e9duction partielle plafonn\u00e9e<\/h3>\n\n\n\n<p>Pour les cr\u00e9ateurs\/repreneurs <strong>hors micro-entreprise<\/strong>, l\u2019exon\u00e9ration d\u00e9pend du <strong>revenu professionnel<\/strong> et s\u2019articule autour du <strong>PASS<\/strong> (plafond annuel de la S\u00e9curit\u00e9 sociale).<\/p>\n\n\n\n<ul class=\"wp-block-list\">\n<li>Si le revenu est <strong>\u2264 75 % du PASS<\/strong>, l\u2019exon\u00e9ration est <strong>partielle<\/strong> et son montant <strong>sera fix\u00e9 par d\u00e9cret<\/strong>, avec un plafond annonc\u00e9 : <strong>au maximum 25 % des cotisations<\/strong> concern\u00e9es.<\/li>\n\n\n\n<li>Si le revenu est <strong>entre 75 % et 100 % du PASS<\/strong>, l\u2019exon\u00e9ration devient <strong>d\u00e9gressive<\/strong>.<\/li>\n\n\n\n<li>Si le revenu est <strong>\u2265 PASS<\/strong>, l\u2019exon\u00e9ration est <strong>nulle<\/strong>.<\/li>\n<\/ul>\n\n\n\n<p>En 2026, le PASS indiqu\u00e9 est <strong>48 060 \u20ac<\/strong>, donc 75 % repr\u00e9sente <strong>36 045 \u20ac<\/strong>.<\/p>\n\n\n\n<p>\u2705 \u00c0 retenir : <strong>l\u2019ACRE n\u2019est plus une \u201cquasi-exon\u00e9ration\u201d pour les revenus modestes<\/strong> ; elle devient une <strong>r\u00e9duction plafonn\u00e9e<\/strong>, ce qui diminue m\u00e9caniquement le gain total.<\/p>\n\n\n\n<hr class=\"wp-block-separator has-alpha-channel-opacity\"\/>\n\n\n\n<h2 class=\"wp-block-heading has-base-background-color has-background\">3) Fin de l\u2019attribution automatique : la demande devient un passage oblig\u00e9<\/h2>\n\n\n\n<p>Autre \u00e9volution majeure : <strong>l\u2019ACRE n\u2019est plus automatique<\/strong>.<\/p>\n\n\n\n<ul class=\"wp-block-list\">\n<li>Jusqu\u2019au <strong>31 d\u00e9cembre 2025<\/strong>, certaines situations permettaient une obtention sans formalit\u00e9 sp\u00e9cifique (en pratique, l\u2019aide \u00e9tait \u201cacquise\u201d si les conditions \u00e9taient remplies).<\/li>\n\n\n\n<li>Depuis <strong>2026<\/strong>, le cr\u00e9ateur\/repreneur doit <strong>d\u00e9poser une demande aupr\u00e8s de l\u2019Urssaf<\/strong> (y compris pour de nombreux statuts qui n\u2019avaient pas cette obligation auparavant).<\/li>\n<\/ul>\n\n\n\n<p><\/p>\n\n\n\n<p>\ud83c\udfaf Risque : <strong>une demande incompl\u00e8te ou hors d\u00e9lai = ACRE perdue<\/strong>, m\u00eame si vous \u00e9tiez \u00e9ligible sur le fond.<\/p>\n\n\n\n<h2 class=\"wp-block-heading has-base-2-color has-accent-background-color has-text-color has-background has-link-color wp-elements-f0d6d8a4fd15bb5fc06c6a8c0acc9aaf\">Micro-entrepreneurs : une r\u00e8gle de r\u00e9duction de 50 %\u2026 mais une strat\u00e9gie de date de d\u00e9marrage<\/h2>\n\n\n\n<p>Pour les micro-entrepreneurs, l\u2019information officielle pr\u00e9sent\u00e9e pr\u00e9cise une <strong>r\u00e9duction de 50 %<\/strong> des cotisations jusqu\u2019\u00e0 la fin du 3e trimestre civil suivant le d\u00e9but d\u2019activit\u00e9, avec un conseil concret : <strong>d\u00e9marrer en d\u00e9but de trimestre<\/strong> pour profiter d\u2019une dur\u00e9e maximale (jusqu\u2019\u00e0 environ 12 mois).<\/p>\n\n\n\n<p><strong>Exemple-type  :<\/strong><\/p>\n\n\n\n<ul class=\"wp-block-list\">\n<li>D\u00e9but d\u2019activit\u00e9 en <strong>avril \/ juillet \/ octobre \/ janvier<\/strong> \u2192 p\u00e9riode d\u2019aide plus \u201coptimis\u00e9e\u201d<\/li>\n\n\n\n<li>D\u00e9but en milieu de trimestre \u2192 p\u00e9riode plus courte (car la date de fin est cal\u00e9e sur la fin d\u2019un trimestre civil).<\/li>\n<\/ul>\n\n\n\n<h2 class=\"wp-block-heading has-base-2-color has-accent-background-color has-text-color has-background has-link-color wp-elements-1fac766d9b75fafabaadcd12b1ea7a1c\">Pourquoi cette r\u00e9forme ? <\/h2>\n\n\n\n<p>Sans entrer dans le d\u00e9bat politique, les sources institutionnelles pr\u00e9sentent un <strong>recentrage<\/strong> du dispositif et une <strong>r\u00e9duction de l\u2019exon\u00e9ration<\/strong> \u00e0 compter de 2026.<\/p>\n\n\n\n<p>Ce que cela implique tr\u00e8s concr\u00e8tement :<\/p>\n\n\n\n<ul class=\"wp-block-list\">\n<li><strong>Moins de cr\u00e9ateurs<\/strong> pourront mobiliser l\u2019ACRE<\/li>\n\n\n\n<li><strong>Ceux qui y ont droit<\/strong> verront souvent un <strong>gain plus limit\u00e9<\/strong> (plafond \u00e0 25 % max pour la partie \u201crevenu \u2264 75 % PASS\u201d hors micro-entreprise, et d\u00e9gressivit\u00e9 ensuite)<\/li>\n\n\n\n<li>La <strong>s\u00e9curisation administrative<\/strong> (dossier, justificatifs, d\u00e9lais) devient un enjeu centra<\/li>\n<\/ul>\n\n\n\n<h2 class=\"wp-block-heading has-base-2-color has-accent-background-color has-text-color has-background has-link-color wp-elements-4b2be394d910ef53f939acf9539b1a91\">Comment maximiser ses chances d\u2019obtenir l\u2019ACRE en 2026<\/h2>\n\n\n\n<h3 class=\"wp-block-heading has-base-background-color has-background\">1) V\u00e9rifier l\u2019\u00e9ligibilit\u00e9 \u201ccat\u00e9gorie\u201d<\/h3>\n\n\n\n<p>Avant tout, se positionner : demandeur d\u2019emploi, RSA\/ASS, jeune, QPV, ZFRR\/ZFRR+, etc. Les listes et justificatifs attendus sont d\u00e9taill\u00e9s officiellement.<\/p>\n\n\n\n<h3 class=\"wp-block-heading has-base-background-color has-background\">2) Constituer les justificatifs d\u00e8s la cr\u00e9ation<\/h3>\n\n\n\n<p>Notifications de droits, attestations, justificatifs d\u2019adresse en QPV\/ZFRR, etc.<\/p>\n\n\n\n<h3 class=\"wp-block-heading has-base-background-color has-background\">3) D\u00e9poser la demande rapidement apr\u00e8s les formalit\u00e9s<\/h3>\n\n\n\n<p>La d\u00e9marche passe par l\u2019Urssaf, avec un formulaire adapt\u00e9 au statut (micro-entrepreneur \/ ind\u00e9pendant hors micro \/ assimil\u00e9 salari\u00e9).<\/p>\n\n\n\n<h3 class=\"wp-block-heading has-base-background-color has-background\">4) Anticiper l\u2019impact financier (et ajuster sa tr\u00e9sorerie)<\/h3>\n\n\n\n<p>Avec le plafonnement, l\u2019ACRE doit \u00eatre int\u00e9gr\u00e9e comme <strong>un all\u00e8gement partiel<\/strong>, pas comme un \u201cbouclier\u201d. L\u2019id\u00e9e : pr\u00e9voir le niveau de charges \u201cpost-ACRE\u201d d\u00e8s le business plan.<\/p>\n\n\n\n<h2 class=\"wp-block-heading has-base-2-color has-accent-background-color has-text-color has-background has-link-color wp-elements-cf32ab4539a122278281992a8c749d0c\">FAQ : ACRE 2026 et exon\u00e9ration de cotisations sociales<\/h2>\n\n\n\n<details class=\"wp-block-details is-layout-flow wp-block-details-is-layout-flow\"><summary>L\u2019ACRE est-elle automatique en 2026 ?<\/summary>\n<p>Non : la demande devient obligatoire aupr\u00e8s de l\u2019Urssaf.<\/p>\n\n\n\n<hr class=\"wp-block-separator has-alpha-channel-opacity\"\/>\n\n\n\n<details class=\"wp-block-details is-layout-flow wp-block-details-is-layout-flow\"><summary>Quel est le montant de l\u2019exon\u00e9ration ACRE en 2026 ?<\/summary>\n<p>Pour les cr\u00e9ateurs\/repreneurs hors micro-entreprise, si le revenu est \u2264 75 % du PASS, l\u2019exon\u00e9ration est <strong>partielle<\/strong> et <strong>plafonn\u00e9e<\/strong> (montant fix\u00e9 par d\u00e9cret \u00e0 venir, <strong>au maximum 25 %<\/strong> des cotisations concern\u00e9es), puis <strong>d\u00e9gressive<\/strong> entre 75 % et 100 % du PASS, et <strong>nulle<\/strong> au-del\u00e0.<\/p>\n\n\n\n<hr class=\"wp-block-separator has-alpha-channel-opacity\"\/>\n\n\n\n<details class=\"wp-block-details is-layout-flow wp-block-details-is-layout-flow\"><summary>Quels sont les seuils PASS \u00e0 conna\u00eetre en 2026 ?<\/summary>\n<p>Le PASS communiqu\u00e9 est <strong>48 060 \u20ac<\/strong>, et 75 % du PASS correspond \u00e0 <strong>36 045 \u20ac<\/strong>.<\/p>\n\n\n\n<hr class=\"wp-block-separator has-alpha-channel-opacity\"\/>\n\n\n\n<details class=\"wp-block-details is-layout-flow wp-block-details-is-layout-flow\"><summary>Qui peut b\u00e9n\u00e9ficier de l\u2019ACRE en 2026 ?<\/summary>\n<p>Le dispositif est recentr\u00e9 : demandeurs d\u2019emploi (indemnis\u00e9s ou non selon conditions), RSA\/ASS, jeunes, certaines reprises d\u2019entreprises en difficult\u00e9, QPV, ZFRR\/ZFRR+, PreParE, etc<\/p>\n\n\n\n<hr class=\"wp-block-separator has-alpha-channel-opacity\"\/>\n\n\n\n<details class=\"wp-block-details is-layout-flow wp-block-details-is-layout-flow\"><summary>Micro-entrepreneur : l\u2019ACRE r\u00e9duit de combien mes cotisations ?<\/summary>\n<p>La r\u00e8gle pr\u00e9sent\u00e9e indique une <strong>r\u00e9duction de 50 %<\/strong> des cotisations sociales jusqu\u2019\u00e0 la fin du 3e trimestre civil suivant le d\u00e9but d\u2019activit\u00e9 (dur\u00e9e variable selon la date de d\u00e9marrage)<\/p>\n<\/details>\n<\/details>\n<\/details>\n<\/details>\n<\/details>\n\n\n\n<h2 class=\"wp-block-heading\"><\/h2>\n\n\n\n<p><\/p>\n","protected":false},"excerpt":{"rendered":"<p>L\u2019Aide \u00e0 la cr\u00e9ation ou \u00e0 la reprise d\u2019entreprise (ACRE) a longtemps \u00e9t\u00e9 l\u2019un des leviers les plus efficaces pour all\u00e9ger le co\u00fbt des cotisations sociales au d\u00e9marrage d\u2019une activit\u00e9. Depuis le 1er janvier 2026, le dispositif \u00e9volue profond\u00e9ment : il est r\u00e9duit \u00e0 la fois dans son champ d\u2019application (moins de b\u00e9n\u00e9ficiaires) et dans &#8230; <a title=\"R\u00e9forme de l\u2019ACRE  : une exon\u00e9ration de cotisations sociales recentr\u00e9e\u2026 et nettement moins g\u00e9n\u00e9reuse\" class=\"read-more\" href=\"https:\/\/www.feodus-finance.fr\/defiscalisation\/reforme-acre-2026-exoneration-cotisations-sociales\/\" aria-label=\"En savoir plus sur R\u00e9forme de l\u2019ACRE  : une exon\u00e9ration de cotisations sociales recentr\u00e9e\u2026 et nettement moins g\u00e9n\u00e9reuse\">Lire plus<\/a><\/p>\n","protected":false},"author":3,"featured_media":1991,"comment_status":"closed","ping_status":"closed","sticky":false,"template":"","format":"standard","meta":{"footnotes":""},"categories":[15,1],"tags":[611,595,609,605,597,602,621,604,619,606,607,601,618,616,615,603,596,614,612,610,613,625,598,594,599,617,626,622,608,620,600,623],"class_list":["post-3623","post","type-post","status-publish","format-standard","has-post-thumbnail","hentry","category-dossier-entreprise","category-dossier","tag-75-du-pass","tag-acre-2026","tag-acre-auto-entrepreneur","tag-acre-micro-entrepreneur","tag-aide-a-la-creation-dentreprise","tag-aide-a-la-reprise-dentreprise","tag-allegement-de-charges-sociales","tag-beneficiaires-acre","tag-charges-sociales-entrepreneur","tag-conditions-acre","tag-cotisations-sociales-micro-entreprise","tag-createur-dentreprise","tag-creation-dentreprise-2026","tag-debut-dactivite-micro-entreprise","tag-degressivite-acre","tag-demande-acre","tag-exoneration-cotisations-sociales","tag-exoneration-partielle","tag-pass-2026","tag-plafond-annuel-de-la-securite-sociale","tag-plafonnement-25","tag-qpv","tag-reduction-cotisations-sociales","tag-reforme-acre","tag-repreneur-dentreprise","tag-reprise-dentreprise-2026","tag-reprise-entreprise-en-difficulte","tag-statut-micro-entreprise","tag-taux-de-cotisations-micro-entreprise","tag-travailleur-independant","tag-urssaf","tag-zfrr","generate-columns","tablet-grid-50","mobile-grid-100","grid-parent","grid-33"],"yoast_head":"<!-- This site is optimized with the Yoast SEO plugin v24.6 - https:\/\/yoast.com\/wordpress\/plugins\/seo\/ -->\n<title>ACRE 2026 : baisse de l\u2019exon\u00e9ration de cotisations sociales<\/title>\n<meta name=\"description\" content=\"ACRE 2026 : moins de b\u00e9n\u00e9ficiaires, exon\u00e9ration plafonn\u00e9e \u00e0 25 % max (hors micro), demande obligatoire. Explications, seuils PASS, checklist.\" \/>\n<meta name=\"robots\" content=\"index, follow, max-snippet:-1, max-image-preview:large, max-video-preview:-1\" \/>\n<link rel=\"canonical\" href=\"https:\/\/www.feodus-finance.fr\/defiscalisation\/reforme-acre-2026-exoneration-cotisations-sociales\/\" \/>\n<meta property=\"og:locale\" content=\"fr_FR\" \/>\n<meta property=\"og:type\" content=\"article\" \/>\n<meta property=\"og:title\" content=\"ACRE 2026 : baisse de l\u2019exon\u00e9ration de cotisations sociales\" \/>\n<meta property=\"og:description\" content=\"ACRE 2026 : moins de b\u00e9n\u00e9ficiaires, exon\u00e9ration plafonn\u00e9e \u00e0 25 % max (hors micro), demande obligatoire. Explications, seuils PASS, checklist.\" \/>\n<meta property=\"og:url\" content=\"https:\/\/www.feodus-finance.fr\/defiscalisation\/reforme-acre-2026-exoneration-cotisations-sociales\/\" \/>\n<meta property=\"og:site_name\" content=\"Feodus\" \/>\n<meta property=\"article:published_time\" content=\"2026-02-05T10:04:49+00:00\" \/>\n<meta property=\"article:modified_time\" content=\"2026-02-05T10:04:51+00:00\" \/>\n<meta property=\"og:image\" content=\"https:\/\/www.feodus-finance.fr\/defiscalisation\/wp-content\/uploads\/2023\/11\/33732.jpeg\" \/>\n\t<meta property=\"og:image:width\" content=\"640\" \/>\n\t<meta property=\"og:image:height\" content=\"920\" \/>\n\t<meta property=\"og:image:type\" content=\"image\/jpeg\" \/>\n<meta name=\"author\" content=\"La R\u00e9daction\" \/>\n<meta name=\"twitter:card\" content=\"summary_large_image\" \/>\n<!-- \/ Yoast SEO plugin. -->","yoast_head_json":{"title":"ACRE 2026 : baisse de l\u2019exon\u00e9ration de cotisations sociales","description":"ACRE 2026 : moins de b\u00e9n\u00e9ficiaires, exon\u00e9ration plafonn\u00e9e \u00e0 25 % max (hors micro), demande obligatoire. Explications, seuils PASS, checklist.","robots":{"index":"index","follow":"follow","max-snippet":"max-snippet:-1","max-image-preview":"max-image-preview:large","max-video-preview":"max-video-preview:-1"},"canonical":"https:\/\/www.feodus-finance.fr\/defiscalisation\/reforme-acre-2026-exoneration-cotisations-sociales\/","og_locale":"fr_FR","og_type":"article","og_title":"ACRE 2026 : baisse de l\u2019exon\u00e9ration de cotisations sociales","og_description":"ACRE 2026 : moins de b\u00e9n\u00e9ficiaires, exon\u00e9ration plafonn\u00e9e \u00e0 25 % max (hors micro), demande obligatoire. Explications, seuils PASS, checklist.","og_url":"https:\/\/www.feodus-finance.fr\/defiscalisation\/reforme-acre-2026-exoneration-cotisations-sociales\/","og_site_name":"Feodus","article_published_time":"2026-02-05T10:04:49+00:00","article_modified_time":"2026-02-05T10:04:51+00:00","og_image":[{"width":640,"height":920,"url":"https:\/\/www.feodus-finance.fr\/defiscalisation\/wp-content\/uploads\/2023\/11\/33732.jpeg","type":"image\/jpeg"}],"author":"La R\u00e9daction","twitter_card":"summary_large_image","schema":{"@context":"https:\/\/schema.org","@graph":[{"@type":"NewsArticle","@id":"https:\/\/www.feodus-finance.fr\/defiscalisation\/reforme-acre-2026-exoneration-cotisations-sociales\/#article","isPartOf":{"@id":"https:\/\/www.feodus-finance.fr\/defiscalisation\/reforme-acre-2026-exoneration-cotisations-sociales\/"},"author":{"name":"La R\u00e9daction","@id":"https:\/\/www.feodus-finance.fr\/defiscalisation\/#\/schema\/person\/5ca9be76021ba500a028eef9d2aa4c82"},"headline":"R\u00e9forme de l\u2019ACRE : une exon\u00e9ration de cotisations sociales recentr\u00e9e\u2026 et nettement moins g\u00e9n\u00e9reuse","datePublished":"2026-02-05T10:04:49+00:00","dateModified":"2026-02-05T10:04:51+00:00","mainEntityOfPage":{"@id":"https:\/\/www.feodus-finance.fr\/defiscalisation\/reforme-acre-2026-exoneration-cotisations-sociales\/"},"wordCount":1303,"publisher":{"@id":"https:\/\/www.feodus-finance.fr\/defiscalisation\/#organization"},"image":{"@id":"https:\/\/www.feodus-finance.fr\/defiscalisation\/reforme-acre-2026-exoneration-cotisations-sociales\/#primaryimage"},"thumbnailUrl":"https:\/\/www.feodus-finance.fr\/defiscalisation\/wp-content\/uploads\/2023\/11\/33732.jpeg","keywords":["75% du PASS","ACRE 2026","ACRE auto-entrepreneur","ACRE micro-entrepreneur","aide \u00e0 la cr\u00e9ation d\u2019entreprise","aide \u00e0 la reprise d\u2019entreprise","all\u00e8gement de charges sociales","b\u00e9n\u00e9ficiaires ACRE","charges sociales entrepreneur","conditions ACRE","cotisations sociales micro-entreprise","cr\u00e9ateur d\u2019entreprise","cr\u00e9ation d\u2019entreprise 2026","d\u00e9but d\u2019activit\u00e9 micro-entreprise","d\u00e9gressivit\u00e9 ACRE","demande ACRE","exon\u00e9ration cotisations sociales","exon\u00e9ration partielle","PASS 2026","plafond annuel de la S\u00e9curit\u00e9 sociale","plafonnement 25%","QPV","r\u00e9duction cotisations sociales","r\u00e9forme ACRE","repreneur d\u2019entreprise","reprise d\u2019entreprise 2026","reprise entreprise en difficult\u00e9","statut micro-entreprise","taux de cotisations micro-entreprise","travailleur ind\u00e9pendant","Urssaf","ZFRR"],"articleSection":["Guides de la fiscalit\u00e9 des entreprises","Guides de la fiscalit\u00e9 des particuliers"],"inLanguage":"fr-FR"},{"@type":"WebPage","@id":"https:\/\/www.feodus-finance.fr\/defiscalisation\/reforme-acre-2026-exoneration-cotisations-sociales\/","url":"https:\/\/www.feodus-finance.fr\/defiscalisation\/reforme-acre-2026-exoneration-cotisations-sociales\/","name":"ACRE 2026 : baisse de l\u2019exon\u00e9ration de cotisations sociales","isPartOf":{"@id":"https:\/\/www.feodus-finance.fr\/defiscalisation\/#website"},"primaryImageOfPage":{"@id":"https:\/\/www.feodus-finance.fr\/defiscalisation\/reforme-acre-2026-exoneration-cotisations-sociales\/#primaryimage"},"image":{"@id":"https:\/\/www.feodus-finance.fr\/defiscalisation\/reforme-acre-2026-exoneration-cotisations-sociales\/#primaryimage"},"thumbnailUrl":"https:\/\/www.feodus-finance.fr\/defiscalisation\/wp-content\/uploads\/2023\/11\/33732.jpeg","datePublished":"2026-02-05T10:04:49+00:00","dateModified":"2026-02-05T10:04:51+00:00","description":"ACRE 2026 : moins de b\u00e9n\u00e9ficiaires, exon\u00e9ration plafonn\u00e9e \u00e0 25 % max (hors micro), demande obligatoire. Explications, seuils PASS, checklist.","breadcrumb":{"@id":"https:\/\/www.feodus-finance.fr\/defiscalisation\/reforme-acre-2026-exoneration-cotisations-sociales\/#breadcrumb"},"inLanguage":"fr-FR","potentialAction":[{"@type":"ReadAction","target":["https:\/\/www.feodus-finance.fr\/defiscalisation\/reforme-acre-2026-exoneration-cotisations-sociales\/"]}]},{"@type":"ImageObject","inLanguage":"fr-FR","@id":"https:\/\/www.feodus-finance.fr\/defiscalisation\/reforme-acre-2026-exoneration-cotisations-sociales\/#primaryimage","url":"https:\/\/www.feodus-finance.fr\/defiscalisation\/wp-content\/uploads\/2023\/11\/33732.jpeg","contentUrl":"https:\/\/www.feodus-finance.fr\/defiscalisation\/wp-content\/uploads\/2023\/11\/33732.jpeg","width":640,"height":920},{"@type":"BreadcrumbList","@id":"https:\/\/www.feodus-finance.fr\/defiscalisation\/reforme-acre-2026-exoneration-cotisations-sociales\/#breadcrumb","itemListElement":[{"@type":"ListItem","position":1,"name":"Accueil","item":"https:\/\/www.feodus-finance.fr\/defiscalisation\/"},{"@type":"ListItem","position":2,"name":"Guides de la fiscalit\u00e9 des particuliers","item":"https:\/\/www.feodus-finance.fr\/defiscalisation\/dossier\/"},{"@type":"ListItem","position":3,"name":"R\u00e9forme de l\u2019ACRE : une exon\u00e9ration de cotisations sociales recentr\u00e9e\u2026 et nettement moins g\u00e9n\u00e9reuse"}]},{"@type":"WebSite","@id":"https:\/\/www.feodus-finance.fr\/defiscalisation\/#website","url":"https:\/\/www.feodus-finance.fr\/defiscalisation\/","name":"Feodus","description":"","publisher":{"@id":"https:\/\/www.feodus-finance.fr\/defiscalisation\/#organization"},"potentialAction":[{"@type":"SearchAction","target":{"@type":"EntryPoint","urlTemplate":"https:\/\/www.feodus-finance.fr\/defiscalisation\/?s={search_term_string}"},"query-input":{"@type":"PropertyValueSpecification","valueRequired":true,"valueName":"search_term_string"}}],"inLanguage":"fr-FR"},{"@type":"Organization","@id":"https:\/\/www.feodus-finance.fr\/defiscalisation\/#organization","name":"Feodus","url":"https:\/\/www.feodus-finance.fr\/defiscalisation\/","logo":{"@type":"ImageObject","inLanguage":"fr-FR","@id":"https:\/\/www.feodus-finance.fr\/defiscalisation\/#\/schema\/logo\/image\/","url":"https:\/\/www.feodus-finance.fr\/defiscalisation\/wp-content\/uploads\/2023\/11\/cropped-logo-footer.jpg","contentUrl":"https:\/\/www.feodus-finance.fr\/defiscalisation\/wp-content\/uploads\/2023\/11\/cropped-logo-footer.jpg","width":249,"height":73,"caption":"Feodus"},"image":{"@id":"https:\/\/www.feodus-finance.fr\/defiscalisation\/#\/schema\/logo\/image\/"}},{"@type":"Person","@id":"https:\/\/www.feodus-finance.fr\/defiscalisation\/#\/schema\/person\/5ca9be76021ba500a028eef9d2aa4c82","name":"La R\u00e9daction","image":{"@type":"ImageObject","inLanguage":"fr-FR","@id":"https:\/\/www.feodus-finance.fr\/defiscalisation\/#\/schema\/person\/image\/","url":"https:\/\/www.feodus-finance.fr\/defiscalisation\/wp-content\/uploads\/2023\/11\/cropped-logo-96x96.jpg","contentUrl":"https:\/\/www.feodus-finance.fr\/defiscalisation\/wp-content\/uploads\/2023\/11\/cropped-logo-96x96.jpg","caption":"La R\u00e9daction"},"description":"Notre \u00e9quipe de r\u00e9daction s'efforce constamment de partager des analyses approfondies, des conseils pratiques et des perspectives innovantes sur les march\u00e9s financiers, les investissements et les tendances \u00e9conomiques.","url":"https:\/\/www.feodus-finance.fr\/defiscalisation\/author\/redaction\/"}]}},"_links":{"self":[{"href":"https:\/\/www.feodus-finance.fr\/defiscalisation\/wp-json\/wp\/v2\/posts\/3623","targetHints":{"allow":["GET"]}}],"collection":[{"href":"https:\/\/www.feodus-finance.fr\/defiscalisation\/wp-json\/wp\/v2\/posts"}],"about":[{"href":"https:\/\/www.feodus-finance.fr\/defiscalisation\/wp-json\/wp\/v2\/types\/post"}],"author":[{"embeddable":true,"href":"https:\/\/www.feodus-finance.fr\/defiscalisation\/wp-json\/wp\/v2\/users\/3"}],"replies":[{"embeddable":true,"href":"https:\/\/www.feodus-finance.fr\/defiscalisation\/wp-json\/wp\/v2\/comments?post=3623"}],"version-history":[{"count":2,"href":"https:\/\/www.feodus-finance.fr\/defiscalisation\/wp-json\/wp\/v2\/posts\/3623\/revisions"}],"predecessor-version":[{"id":3625,"href":"https:\/\/www.feodus-finance.fr\/defiscalisation\/wp-json\/wp\/v2\/posts\/3623\/revisions\/3625"}],"wp:featuredmedia":[{"embeddable":true,"href":"https:\/\/www.feodus-finance.fr\/defiscalisation\/wp-json\/wp\/v2\/media\/1991"}],"wp:attachment":[{"href":"https:\/\/www.feodus-finance.fr\/defiscalisation\/wp-json\/wp\/v2\/media?parent=3623"}],"wp:term":[{"taxonomy":"category","embeddable":true,"href":"https:\/\/www.feodus-finance.fr\/defiscalisation\/wp-json\/wp\/v2\/categories?post=3623"},{"taxonomy":"post_tag","embeddable":true,"href":"https:\/\/www.feodus-finance.fr\/defiscalisation\/wp-json\/wp\/v2\/tags?post=3623"}],"curies":[{"name":"wp","href":"https:\/\/api.w.org\/{rel}","templated":true}]}}