{"id":3669,"date":"2026-04-03T08:28:26","date_gmt":"2026-04-03T06:28:26","guid":{"rendered":"https:\/\/www.feodus-finance.fr\/defiscalisation\/?p=3669"},"modified":"2026-04-03T08:28:32","modified_gmt":"2026-04-03T06:28:32","slug":"caf-fin-rsa-apl-prime-activite-allocation-sociale-unique","status":"publish","type":"post","link":"https:\/\/www.feodus-finance.fr\/defiscalisation\/caf-fin-rsa-apl-prime-activite-allocation-sociale-unique\/","title":{"rendered":"Projet d&#8217;allocation unique : faut-il supprimer le RSA, les APL et la prime d\u2019activit\u00e9?"},"content":{"rendered":"\n<p>Le d\u00e9bat revient avec force : faut-il supprimer le RSA, les APL et la prime d\u2019activit\u00e9 au profit d\u2019une <strong>allocation sociale unique<\/strong> ? Pr\u00e9sent\u00e9e par l\u2019ex\u00e9cutif comme une r\u00e9forme de simplification, cette id\u00e9e vise \u00e0 rapprocher plusieurs aides sociales aujourd\u2019hui vers\u00e9es s\u00e9par\u00e9ment. Le gouvernement d\u00e9fend un syst\u00e8me plus lisible, plus automatique et mieux orient\u00e9 vers le retour \u00e0 l\u2019emploi, dans la continuit\u00e9 de la r\u00e9forme dite de la <strong>solidarit\u00e9 \u00e0 la source<\/strong>, d\u00e9j\u00e0 d\u00e9ploy\u00e9e pour le RSA et la prime d\u2019activit\u00e9.<\/p>\n\n\n\n<p>Mais derri\u00e8re la promesse de simplification, la r\u00e9forme provoque d\u00e9j\u00e0 une vive pol\u00e9mique. Associations, repr\u00e9sentants des familles, acteurs du logement social et observateurs de la lutte contre la pauvret\u00e9 redoutent une baisse des droits pour les m\u00e9nages modestes, notamment si le futur dispositif fusionne r\u00e9ellement <strong>RSA, APL et prime d\u2019activit\u00e9<\/strong> dans une enveloppe unique.<\/p>\n\n\n\n<h2 class=\"wp-block-heading\">Allocation sociale unique : ce que pr\u00e9voit r\u00e9ellement le projet<\/h2>\n\n\n\n<p><strong>\u00c0 ce stade, il ne s\u2019agit pas d\u2019une suppression imm\u00e9diate<\/strong> et act\u00e9e du RSA, des APL et de la prime d\u2019activit\u00e9. Le projet d\u00e9fendu par le gouvernement consiste plut\u00f4t \u00e0 <strong>rapprocher<\/strong> ces prestations dans une architecture commune, avec un objectif affich\u00e9 : rendre les aides CAF plus simples \u00e0 comprendre, limiter le non-recours, automatiser davantage les versements et garantir que le travail reste plus r\u00e9mun\u00e9rateur que l\u2019assistance. Le Premier ministre a r\u00e9affirm\u00e9 cette orientation \u00e0 l\u2019automne 2025, puis encore fin 2025. En janvier 2026, la presse rapportait qu\u2019un texte devait \u00eatre pr\u00e9sent\u00e9 avant les \u00e9lections municipales de mars, m\u00eame si ses param\u00e8tres pr\u00e9cis restaient tr\u00e8s sensibles politiquement.<\/p>\n\n\n\n<p>Autrement dit, parler de \u201cfin du RSA\u201d ou de \u201csuppression des APL\u201d est, \u00e0 ce jour, une formulation plus politique que juridique. Le chantier existe bien, mais ses contours d\u00e9finitifs ne sont pas encore stabilis\u00e9s dans le d\u00e9tail. Plusieurs sources indiquent d\u2019ailleurs que le projet de loi renvoie encore de nombreux arbitrages \u00e0 des textes ult\u00e9rieurs.<\/p>\n\n\n\n<h2 class=\"wp-block-heading\">Pourquoi le gouvernement veut fusionner les aides sociales CAF<\/h2>\n\n\n\n<p>L\u2019ex\u00e9cutif met en avant <strong>quatre arguments majeurs<\/strong>.<\/p>\n\n\n\n<p>D\u2019abord, la <strong>simplification administrative<\/strong>. Le syst\u00e8me social fran\u00e7ais est souvent d\u00e9crit comme trop complexe, avec une multiplicit\u00e9 de r\u00e8gles, de plafonds, de bases ressources et de d\u00e9marches diff\u00e9rentes selon les aides. Le gouvernement parle r\u00e9guli\u00e8rement d\u2019un \u201cmaquis des aides\u201d qu\u2019il faudrait rendre plus lisible.<\/p>\n\n\n\n<p>Ensuite, la lutte contre le <strong>non-recours aux droits<\/strong>. De nombreuses personnes \u00e9ligibles ne demandent pas les aides auxquelles elles ont droit. Le minist\u00e8re des Solidarit\u00e9s a justement fait de la simplification et de l\u2019acc\u00e8s automatique aux droits un axe central, notamment avec les exp\u00e9rimentations \u201cTerritoires z\u00e9ro non-recours\u201d et la solidarit\u00e9 \u00e0 la source.<\/p>\n\n\n\n<p>Troisi\u00e8me objectif : mieux articuler <strong>solidarit\u00e9 et reprise d\u2019activit\u00e9<\/strong>. Le gouvernement r\u00e9p\u00e8te que les revenus du travail doivent rester sup\u00e9rieurs \u00e0 ceux tir\u00e9s de la solidarit\u00e9, ce qui renvoie directement au d\u00e9bat sur les \u201ctrappes \u00e0 inactivit\u00e9\u201d.<\/p>\n\n\n\n<p>Enfin, l\u2019ex\u00e9cutif veut aussi r\u00e9duire les erreurs de d\u00e9claration, s\u00e9curiser le calcul des droits et limiter les indus ou les trop-per\u00e7us gr\u00e2ce \u00e0 l\u2019automatisation. La CAF souligne qu\u2019un an apr\u00e8s le lancement de la solidarit\u00e9 \u00e0 la source, les d\u00e9clarations RSA et prime d\u2019activit\u00e9 sont d\u00e9j\u00e0 plus simples et plus fiabilis\u00e9es.<\/p>\n\n\n\n<h2 class=\"wp-block-heading\">Pourquoi la r\u00e9forme CAF fait pol\u00e9mique<\/h2>\n\n\n\n<p>C\u2019est le c\u0153ur du sujet. Sur le papier, une <strong>allocation sociale unique<\/strong> peut sembler plus simple. En pratique, elle soul\u00e8ve une question redoutable : <strong>qui gagnera, et qui perdra ?<\/strong><\/p>\n\n\n\n<p>L\u2019Unaf, qui repr\u00e9sente les familles, a indiqu\u00e9 craindre de \u201cfortes baisses\u201d pour les b\u00e9n\u00e9ficiaires les plus modestes. Selon elle, le projet de loi pr\u00e9sent\u00e9 par le gouvernement acte surtout des principes, tandis que les param\u00e8tres concrets seraient renvoy\u00e9s \u00e0 de futurs d\u00e9crets, ce qui nourrit les inqui\u00e9tudes.<\/p>\n\n\n\n<p>Le Conseil national des politiques de lutte contre la pauvret\u00e9 et l\u2019exclusion sociale a lui aussi relay\u00e9 de fortes r\u00e9serves, en reprenant l\u2019alerte du Collectif Alerte sur les \u201capprentis sorciers\u201d de l\u2019allocation sociale unique.<\/p>\n\n\n\n<p>Les critiques portent sur plusieurs risques :<\/p>\n\n\n\n<h3 class=\"wp-block-heading\">1. Un risque de baisse des aides pour certains foyers<\/h3>\n\n\n\n<p>Fusionner des prestations aux logiques diff\u00e9rentes est politiquement explosif. Le RSA constitue un minimum de ressources, la prime d\u2019activit\u00e9 soutient les travailleurs modestes, et les APL d\u00e9pendent fortement de la situation de logement. Les regrouper dans un m\u00eame m\u00e9canisme pourrait m\u00e9caniquement cr\u00e9er des perdants si les bar\u00e8mes sont harmonis\u00e9s \u00e0 la baisse ou si certains compl\u00e9ments disparaissent.<\/p>\n\n\n\n<h3 class=\"wp-block-heading\">2. Une inqui\u00e9tude particuli\u00e8re sur les APL<\/h3>\n\n\n\n<p>Les aides au logement r\u00e9pondent \u00e0 une logique sp\u00e9cifique : elles tiennent compte du niveau de loyer, de la composition familiale et des ressources. De nombreux acteurs redoutent qu\u2019en absorbant les <strong>APL<\/strong> dans une allocation globale, la d\u00e9pense de logement soit moins bien prise en compte. C\u2019est l\u2019une des raisons pour lesquelles la r\u00e9forme est particuli\u00e8rement sensible pour les m\u00e9nages urbains et les familles modestes. Cette crainte ressort explicitement des prises de position r\u00e9centes de l\u2019Unaf, qui \u00e9voque le rapprochement de trois prestations : RSA, prime d\u2019activit\u00e9 et allocations logement.<\/p>\n\n\n\n<h3 class=\"wp-block-heading\">3. Une r\u00e9forme per\u00e7ue comme budg\u00e9taire<\/h3>\n\n\n\n<p>Officiellement, le gouvernement assure qu\u2019il ne s\u2019agit pas de diminuer les prestations \u201cde droit\u201d. Mais dans le d\u00e9bat public, beaucoup soup\u00e7onnent une logique d\u2019\u00e9conomies. Ce soup\u00e7on est renforc\u00e9 par les discussions parlementaires sur le plafonnement ou l\u2019encadrement du cumul des prestations non contributives, pr\u00e9sent\u00e9es par certains \u00e9lus comme une premi\u00e8re \u00e9tape vers une allocation sociale unique.<\/p>\n\n\n\n<h3 class=\"wp-block-heading\">4. Une crainte d\u2019un durcissement des contreparties<\/h3>\n\n\n\n<p>Le d\u00e9bat intervient aussi dans un contexte marqu\u00e9 par la r\u00e9forme du RSA et l\u2019inscription g\u00e9n\u00e9ralis\u00e9e des allocataires \u00e0 France Travail depuis le 1er janvier 2025, avec un accompagnement renforc\u00e9 et jusqu\u2019\u00e0 15 \u00e0 20 heures d\u2019activit\u00e9s selon les situations. Pour les associations de lutte contre la pauvret\u00e9, la future allocation sociale unique pourrait s\u2019inscrire dans une logique de contr\u00f4le accru et de conditionnalit\u00e9 renforc\u00e9e.<\/p>\n\n\n\n<h2 class=\"wp-block-heading\">Solidarit\u00e9 \u00e0 la source : la r\u00e9forme d\u00e9j\u00e0 en place \u00e0 la CAF<\/h2>\n\n\n\n<p>Avant m\u00eame une \u00e9ventuelle fusion juridique des aides, l\u2019\u00c9tat a engag\u00e9 une transformation technique majeure : la <strong>solidarit\u00e9 \u00e0 la source<\/strong>. Depuis mars 2025, les d\u00e9clarations trimestrielles de ressources pour le RSA et la prime d\u2019activit\u00e9 sont pr\u00e9remplies \u00e0 partir des ressources connues de l\u2019administration, notamment via le montant net social. La CAF a dress\u00e9 en mars 2026 un premier bilan positif, en \u00e9voquant une simplification des d\u00e9marches, une r\u00e9duction des erreurs et une am\u00e9lioration du \u201cjuste droit\u201d.<\/p>\n\n\n\n<p>Cette r\u00e9forme est importante, car elle montre que le chantier de l\u2019allocation sociale unique ne part pas de z\u00e9ro. En r\u00e9alit\u00e9, l\u2019administration avance d\u00e9j\u00e0 par \u00e9tapes : automatisation, harmonisation des donn\u00e9es, pr\u00e9remplissage, puis \u00e9ventuelle unification des prestations.<\/p>\n\n\n\n<h2 class=\"wp-block-heading\">Le vrai enjeu : simplifier sans p\u00e9naliser les plus modestes<\/h2>\n\n\n\n<p>C\u2019est toute la difficult\u00e9 du dossier. Sur le principe, simplifier l\u2019acc\u00e8s aux aides sociales est difficilement contestable. Le non-recours reste un probl\u00e8me majeur, et l\u2019empilement des r\u00e8gles est r\u00e9guli\u00e8rement d\u00e9nonc\u00e9. Mais plus une r\u00e9forme vise \u00e0 fusionner des aides diff\u00e9rentes, plus elle devient redistributive : elle ne se contente plus de simplifier, elle change la mani\u00e8re dont l\u2019argent public est r\u00e9parti entre les m\u00e9nages.<\/p>\n\n\n\n<p>Le d\u00e9bat sur la future allocation sociale unique d\u00e9passe donc la seule question technique de la CAF. Il touche \u00e0 un choix profond\u00e9ment politique : faut-il pr\u00e9server des aides distinctes, adapt\u00e9es \u00e0 chaque besoin, ou cr\u00e9er un dispositif unique plus simple, au risque d\u2019effacer certaines sp\u00e9cificit\u00e9s, notamment en mati\u00e8re de logement et de soutien \u00e0 l\u2019activit\u00e9 ?<\/p>\n\n\n\n<h2 class=\"wp-block-heading\">La fin du RSA, des APL et de la prime d\u2019activit\u00e9 est-elle act\u00e9e ?<\/h2>\n\n\n\n<p><strong>Non<\/strong>. \u00c0 la date du <strong>3 avril 2026<\/strong>, il n\u2019existe pas de suppression d\u00e9finitive et d\u00e9j\u00e0 appliqu\u00e9e du RSA, des APL et de la prime d\u2019activit\u00e9. Ce qui est bien engag\u00e9, en revanche, c\u2019est un <strong>projet de r\u00e9forme vers une allocation sociale unique<\/strong>, politiquement port\u00e9 par le gouvernement, mais encore contest\u00e9 et entour\u00e9 de nombreuses incertitudes sur ses modalit\u00e9s concr\u00e8tes.<\/p>\n\n\n\n<p>La pol\u00e9mique vient pr\u00e9cis\u00e9ment de l\u00e0 : beaucoup craignent qu\u2019au nom de la simplification, la future r\u00e9forme d\u00e9bouche sur une perte de droits pour une partie des allocataires CAF. Tant que les bar\u00e8mes, les conditions exactes et le traitement sp\u00e9cifique du logement ne sont pas pleinement connus, le sujet continuera d\u2019alimenter les tensions.<\/p>\n\n\n\n<p><\/p>\n","protected":false},"excerpt":{"rendered":"<p>Le d\u00e9bat revient avec force : faut-il supprimer le RSA, les APL et la prime d\u2019activit\u00e9 au profit d\u2019une allocation sociale unique ? Pr\u00e9sent\u00e9e par l\u2019ex\u00e9cutif comme une r\u00e9forme de simplification, cette id\u00e9e vise \u00e0 rapprocher plusieurs aides sociales aujourd\u2019hui vers\u00e9es s\u00e9par\u00e9ment. Le gouvernement d\u00e9fend un syst\u00e8me plus lisible, plus automatique et mieux orient\u00e9 vers &#8230; <a title=\"Projet d&#8217;allocation unique : faut-il supprimer le RSA, les APL et la prime d\u2019activit\u00e9?\" class=\"read-more\" href=\"https:\/\/www.feodus-finance.fr\/defiscalisation\/caf-fin-rsa-apl-prime-activite-allocation-sociale-unique\/\" aria-label=\"En savoir plus sur Projet d&#8217;allocation unique : faut-il supprimer le RSA, les APL et la prime d\u2019activit\u00e9?\">Lire plus<\/a><\/p>\n","protected":false},"author":3,"featured_media":1991,"comment_status":"closed","ping_status":"closed","sticky":false,"template":"","format":"standard","meta":{"footnotes":""},"categories":[14],"tags":[790,776,778,781,774,771,769,783,773,768,791,779,792,789,785,795,786,793,784,772,780,775,787,782,777,794,731,788,770,767],"class_list":["post-3669","post","type-post","status-publish","format-standard","has-post-thumbnail","hentry","category-actualite-de-la-finance","tag-aides-au-logement","tag-aides-sociales","tag-aides-sociales-2026","tag-allocataires-caf","tag-allocation-sociale-unique","tag-apl","tag-caf","tag-caf-2026","tag-fin-de-la-prime-dactivite","tag-fin-du-rsa","tag-france-travail","tag-fusion-des-aides-sociales","tag-logement","tag-minimum-social","tag-non-recours-aux-droits","tag-polemique-caf","tag-politique-sociale","tag-pouvoir-dachat","tag-prestations-sociales","tag-prime-dactivite-2","tag-reforme-apl","tag-reforme-caf","tag-reforme-des-aides","tag-reforme-prime-dactivite","tag-reforme-rsa","tag-reforme-sociale","tag-rsa-2026","tag-solidarite-a-la-source","tag-suppression-apl","tag-suppression-rsa","generate-columns","tablet-grid-50","mobile-grid-100","grid-parent","grid-33"],"yoast_head":"<!-- This site is optimized with the Yoast SEO plugin v24.6 - https:\/\/yoast.com\/wordpress\/plugins\/seo\/ -->\n<title>CAF : la fin du RSA, des APL et de la prime d\u2019activit\u00e9 fait pol\u00e9mique<\/title>\n<meta name=\"description\" content=\"Le projet d\u2019allocation sociale unique relance le d\u00e9bat sur la fin du RSA, des APL et de la prime d\u2019activit\u00e9. R\u00e9forme CAF, risques, critiques et cons\u00e9quences.\" \/>\n<meta name=\"robots\" content=\"index, follow, max-snippet:-1, max-image-preview:large, max-video-preview:-1\" \/>\n<link rel=\"canonical\" href=\"https:\/\/www.feodus-finance.fr\/defiscalisation\/caf-fin-rsa-apl-prime-activite-allocation-sociale-unique\/\" \/>\n<meta property=\"og:locale\" content=\"fr_FR\" \/>\n<meta property=\"og:type\" content=\"article\" \/>\n<meta property=\"og:title\" content=\"CAF : la fin du RSA, des APL et de la prime d\u2019activit\u00e9 fait pol\u00e9mique\" \/>\n<meta property=\"og:description\" content=\"Le projet d\u2019allocation sociale unique relance le d\u00e9bat sur la fin du RSA, des APL et de la prime d\u2019activit\u00e9. R\u00e9forme CAF, risques, critiques et cons\u00e9quences.\" \/>\n<meta property=\"og:url\" content=\"https:\/\/www.feodus-finance.fr\/defiscalisation\/caf-fin-rsa-apl-prime-activite-allocation-sociale-unique\/\" \/>\n<meta property=\"og:site_name\" content=\"Feodus\" \/>\n<meta property=\"article:published_time\" content=\"2026-04-03T06:28:26+00:00\" \/>\n<meta property=\"article:modified_time\" content=\"2026-04-03T06:28:32+00:00\" \/>\n<meta property=\"og:image\" content=\"https:\/\/www.feodus-finance.fr\/defiscalisation\/wp-content\/uploads\/2023\/11\/33732.jpeg\" \/>\n\t<meta property=\"og:image:width\" content=\"640\" \/>\n\t<meta property=\"og:image:height\" content=\"920\" \/>\n\t<meta property=\"og:image:type\" content=\"image\/jpeg\" \/>\n<meta name=\"author\" content=\"La R\u00e9daction\" \/>\n<meta name=\"twitter:card\" content=\"summary_large_image\" \/>\n<!-- \/ Yoast SEO plugin. -->","yoast_head_json":{"title":"CAF : la fin du RSA, des APL et de la prime d\u2019activit\u00e9 fait pol\u00e9mique","description":"Le projet d\u2019allocation sociale unique relance le d\u00e9bat sur la fin du RSA, des APL et de la prime d\u2019activit\u00e9. R\u00e9forme CAF, risques, critiques et cons\u00e9quences.","robots":{"index":"index","follow":"follow","max-snippet":"max-snippet:-1","max-image-preview":"max-image-preview:large","max-video-preview":"max-video-preview:-1"},"canonical":"https:\/\/www.feodus-finance.fr\/defiscalisation\/caf-fin-rsa-apl-prime-activite-allocation-sociale-unique\/","og_locale":"fr_FR","og_type":"article","og_title":"CAF : la fin du RSA, des APL et de la prime d\u2019activit\u00e9 fait pol\u00e9mique","og_description":"Le projet d\u2019allocation sociale unique relance le d\u00e9bat sur la fin du RSA, des APL et de la prime d\u2019activit\u00e9. R\u00e9forme CAF, risques, critiques et cons\u00e9quences.","og_url":"https:\/\/www.feodus-finance.fr\/defiscalisation\/caf-fin-rsa-apl-prime-activite-allocation-sociale-unique\/","og_site_name":"Feodus","article_published_time":"2026-04-03T06:28:26+00:00","article_modified_time":"2026-04-03T06:28:32+00:00","og_image":[{"width":640,"height":920,"url":"https:\/\/www.feodus-finance.fr\/defiscalisation\/wp-content\/uploads\/2023\/11\/33732.jpeg","type":"image\/jpeg"}],"author":"La R\u00e9daction","twitter_card":"summary_large_image","schema":{"@context":"https:\/\/schema.org","@graph":[{"@type":"NewsArticle","@id":"https:\/\/www.feodus-finance.fr\/defiscalisation\/caf-fin-rsa-apl-prime-activite-allocation-sociale-unique\/#article","isPartOf":{"@id":"https:\/\/www.feodus-finance.fr\/defiscalisation\/caf-fin-rsa-apl-prime-activite-allocation-sociale-unique\/"},"author":{"name":"La R\u00e9daction","@id":"https:\/\/www.feodus-finance.fr\/defiscalisation\/#\/schema\/person\/5ca9be76021ba500a028eef9d2aa4c82"},"headline":"Projet d&#8217;allocation unique : faut-il supprimer le RSA, les APL et la prime d\u2019activit\u00e9?","datePublished":"2026-04-03T06:28:26+00:00","dateModified":"2026-04-03T06:28:32+00:00","mainEntityOfPage":{"@id":"https:\/\/www.feodus-finance.fr\/defiscalisation\/caf-fin-rsa-apl-prime-activite-allocation-sociale-unique\/"},"wordCount":1497,"publisher":{"@id":"https:\/\/www.feodus-finance.fr\/defiscalisation\/#organization"},"image":{"@id":"https:\/\/www.feodus-finance.fr\/defiscalisation\/caf-fin-rsa-apl-prime-activite-allocation-sociale-unique\/#primaryimage"},"thumbnailUrl":"https:\/\/www.feodus-finance.fr\/defiscalisation\/wp-content\/uploads\/2023\/11\/33732.jpeg","keywords":["aides au logement","aides sociales","aides sociales 2026","allocataires CAF","allocation sociale unique","APL","CAF","CAF 2026","fin de la prime d\u2019activit\u00e9","fin du RSA","France Travail","fusion des aides sociales","logement","minimum social","non-recours aux droits","pol\u00e9mique CAF","politique sociale","pouvoir d\u2019achat","prestations sociales","prime d\u2019activit\u00e9","r\u00e9forme APL","r\u00e9forme CAF","r\u00e9forme des aides","r\u00e9forme prime d\u2019activit\u00e9","r\u00e9forme RSA","r\u00e9forme sociale","RSA 2026","solidarit\u00e9 \u00e0 la source","suppression APL","suppression RSA"],"articleSection":["L'actualit\u00e9 de la finance"],"inLanguage":"fr-FR"},{"@type":"WebPage","@id":"https:\/\/www.feodus-finance.fr\/defiscalisation\/caf-fin-rsa-apl-prime-activite-allocation-sociale-unique\/","url":"https:\/\/www.feodus-finance.fr\/defiscalisation\/caf-fin-rsa-apl-prime-activite-allocation-sociale-unique\/","name":"CAF : la fin du RSA, des APL et de la prime d\u2019activit\u00e9 fait pol\u00e9mique","isPartOf":{"@id":"https:\/\/www.feodus-finance.fr\/defiscalisation\/#website"},"primaryImageOfPage":{"@id":"https:\/\/www.feodus-finance.fr\/defiscalisation\/caf-fin-rsa-apl-prime-activite-allocation-sociale-unique\/#primaryimage"},"image":{"@id":"https:\/\/www.feodus-finance.fr\/defiscalisation\/caf-fin-rsa-apl-prime-activite-allocation-sociale-unique\/#primaryimage"},"thumbnailUrl":"https:\/\/www.feodus-finance.fr\/defiscalisation\/wp-content\/uploads\/2023\/11\/33732.jpeg","datePublished":"2026-04-03T06:28:26+00:00","dateModified":"2026-04-03T06:28:32+00:00","description":"Le projet d\u2019allocation sociale unique relance le d\u00e9bat sur la fin du RSA, des APL et de la prime d\u2019activit\u00e9. R\u00e9forme CAF, risques, critiques et cons\u00e9quences.","breadcrumb":{"@id":"https:\/\/www.feodus-finance.fr\/defiscalisation\/caf-fin-rsa-apl-prime-activite-allocation-sociale-unique\/#breadcrumb"},"inLanguage":"fr-FR","potentialAction":[{"@type":"ReadAction","target":["https:\/\/www.feodus-finance.fr\/defiscalisation\/caf-fin-rsa-apl-prime-activite-allocation-sociale-unique\/"]}]},{"@type":"ImageObject","inLanguage":"fr-FR","@id":"https:\/\/www.feodus-finance.fr\/defiscalisation\/caf-fin-rsa-apl-prime-activite-allocation-sociale-unique\/#primaryimage","url":"https:\/\/www.feodus-finance.fr\/defiscalisation\/wp-content\/uploads\/2023\/11\/33732.jpeg","contentUrl":"https:\/\/www.feodus-finance.fr\/defiscalisation\/wp-content\/uploads\/2023\/11\/33732.jpeg","width":640,"height":920},{"@type":"BreadcrumbList","@id":"https:\/\/www.feodus-finance.fr\/defiscalisation\/caf-fin-rsa-apl-prime-activite-allocation-sociale-unique\/#breadcrumb","itemListElement":[{"@type":"ListItem","position":1,"name":"Accueil","item":"https:\/\/www.feodus-finance.fr\/defiscalisation\/"},{"@type":"ListItem","position":2,"name":"L'actualit\u00e9 de la finance","item":"https:\/\/www.feodus-finance.fr\/defiscalisation\/actualite-de-la-finance\/"},{"@type":"ListItem","position":3,"name":"Projet d&#8217;allocation unique : faut-il supprimer le RSA, les APL et la prime d\u2019activit\u00e9?"}]},{"@type":"WebSite","@id":"https:\/\/www.feodus-finance.fr\/defiscalisation\/#website","url":"https:\/\/www.feodus-finance.fr\/defiscalisation\/","name":"Feodus","description":"","publisher":{"@id":"https:\/\/www.feodus-finance.fr\/defiscalisation\/#organization"},"potentialAction":[{"@type":"SearchAction","target":{"@type":"EntryPoint","urlTemplate":"https:\/\/www.feodus-finance.fr\/defiscalisation\/?s={search_term_string}"},"query-input":{"@type":"PropertyValueSpecification","valueRequired":true,"valueName":"search_term_string"}}],"inLanguage":"fr-FR"},{"@type":"Organization","@id":"https:\/\/www.feodus-finance.fr\/defiscalisation\/#organization","name":"Feodus","url":"https:\/\/www.feodus-finance.fr\/defiscalisation\/","logo":{"@type":"ImageObject","inLanguage":"fr-FR","@id":"https:\/\/www.feodus-finance.fr\/defiscalisation\/#\/schema\/logo\/image\/","url":"https:\/\/www.feodus-finance.fr\/defiscalisation\/wp-content\/uploads\/2023\/11\/cropped-logo-footer.jpg","contentUrl":"https:\/\/www.feodus-finance.fr\/defiscalisation\/wp-content\/uploads\/2023\/11\/cropped-logo-footer.jpg","width":249,"height":73,"caption":"Feodus"},"image":{"@id":"https:\/\/www.feodus-finance.fr\/defiscalisation\/#\/schema\/logo\/image\/"}},{"@type":"Person","@id":"https:\/\/www.feodus-finance.fr\/defiscalisation\/#\/schema\/person\/5ca9be76021ba500a028eef9d2aa4c82","name":"La R\u00e9daction","image":{"@type":"ImageObject","inLanguage":"fr-FR","@id":"https:\/\/www.feodus-finance.fr\/defiscalisation\/#\/schema\/person\/image\/","url":"https:\/\/www.feodus-finance.fr\/defiscalisation\/wp-content\/uploads\/2023\/11\/cropped-logo-96x96.jpg","contentUrl":"https:\/\/www.feodus-finance.fr\/defiscalisation\/wp-content\/uploads\/2023\/11\/cropped-logo-96x96.jpg","caption":"La R\u00e9daction"},"description":"Notre \u00e9quipe de r\u00e9daction s'efforce constamment de partager des analyses approfondies, des conseils pratiques et des perspectives innovantes sur les march\u00e9s financiers, les investissements et les tendances \u00e9conomiques.","url":"https:\/\/www.feodus-finance.fr\/defiscalisation\/author\/redaction\/"}]}},"_links":{"self":[{"href":"https:\/\/www.feodus-finance.fr\/defiscalisation\/wp-json\/wp\/v2\/posts\/3669","targetHints":{"allow":["GET"]}}],"collection":[{"href":"https:\/\/www.feodus-finance.fr\/defiscalisation\/wp-json\/wp\/v2\/posts"}],"about":[{"href":"https:\/\/www.feodus-finance.fr\/defiscalisation\/wp-json\/wp\/v2\/types\/post"}],"author":[{"embeddable":true,"href":"https:\/\/www.feodus-finance.fr\/defiscalisation\/wp-json\/wp\/v2\/users\/3"}],"replies":[{"embeddable":true,"href":"https:\/\/www.feodus-finance.fr\/defiscalisation\/wp-json\/wp\/v2\/comments?post=3669"}],"version-history":[{"count":1,"href":"https:\/\/www.feodus-finance.fr\/defiscalisation\/wp-json\/wp\/v2\/posts\/3669\/revisions"}],"predecessor-version":[{"id":3670,"href":"https:\/\/www.feodus-finance.fr\/defiscalisation\/wp-json\/wp\/v2\/posts\/3669\/revisions\/3670"}],"wp:featuredmedia":[{"embeddable":true,"href":"https:\/\/www.feodus-finance.fr\/defiscalisation\/wp-json\/wp\/v2\/media\/1991"}],"wp:attachment":[{"href":"https:\/\/www.feodus-finance.fr\/defiscalisation\/wp-json\/wp\/v2\/media?parent=3669"}],"wp:term":[{"taxonomy":"category","embeddable":true,"href":"https:\/\/www.feodus-finance.fr\/defiscalisation\/wp-json\/wp\/v2\/categories?post=3669"},{"taxonomy":"post_tag","embeddable":true,"href":"https:\/\/www.feodus-finance.fr\/defiscalisation\/wp-json\/wp\/v2\/tags?post=3669"}],"curies":[{"name":"wp","href":"https:\/\/api.w.org\/{rel}","templated":true}]}}